{"id":27949,"date":"2022-05-21T13:55:31","date_gmt":"2022-05-21T13:55:31","guid":{"rendered":"https:\/\/actualizateiguazu.com\/v3\/?p=27949"},"modified":"2022-05-21T13:55:34","modified_gmt":"2022-05-21T13:55:34","slug":"tanguedia-titeres-musica-y-taller-desde-este-sabado-en-la-cabana-de-los-munecos","status":"publish","type":"post","link":"https:\/\/actualizateiguazu.com\/v3\/2022\/05\/21\/tanguedia-titeres-musica-y-taller-desde-este-sabado-en-la-cabana-de-los-munecos\/","title":{"rendered":"Tanguedia, T\u00edteres, m\u00fasica y taller desde este s\u00e1bado en La Caba\u00f1a de los Mu\u00f1ecos"},"content":{"rendered":"\n<p>La usina de proyectos culturales en Iguaz\u00fa contin\u00faa generando a toda potencia con obras y capacitaciones para perfeccionar t\u00e9cnicas y para expandir conocimientos a todos aquellos que est\u00e9n interesados. Para ello <strong>La Caba\u00f1a de los mu\u00f1ecos prepar\u00f3 un fin de semana a puro entretenimiento que se extiende hasta el 25 de mayo con un taller de t\u00edtere de boca con varilla en La Caba\u00f1a de los Mu\u00f1ecos.<\/strong><\/p>\n\n\n\n<p>El entretenimiento comienza <strong>este s\u00e1bado a las 21 horas con el re estreno de Tanguedia<\/strong>, una comedia musical fue creada a partir de una obra escrita por Pablo Cieslik productor y bailar\u00edn de tango de la ciudad de las cataratas, que tuvo una loca idea tras estar \u201caburrido\u201d de solamente bailar tango con su grupo de bailarines, fue as\u00ed que <strong>propuso poner en pr\u00e1ctica un proyecto escrito por \u00e9l hace varios a\u00f1os atr\u00e1s convocando a actores, int\u00e9rpretes y bailarines que residen en Iguaz\u00fa para dar forma a la obra que en su estreno (a sala llena) deslumbro a los presentes<\/strong>, no solamente con risas sino con el nivel art\u00edstico y la pasi\u00f3n puesto en el escenario. <strong>Para asistir al re estreno es necesario hacer reservas al 3757-618270<\/strong><\/p>\n\n\n\n<figure class=\"wp-block-image size-large\"><img loading=\"lazy\" decoding=\"async\" width=\"1024\" height=\"1024\" src=\"https:\/\/actualizateiguazu.com\/v3\/wp-content\/uploads\/2022\/05\/WhatsApp-Image-2022-05-19-at-3.03.02-PM-1-1024x1024.jpeg\" alt=\"\" class=\"wp-image-27951\" srcset=\"https:\/\/actualizateiguazu.com\/v3\/wp-content\/uploads\/2022\/05\/WhatsApp-Image-2022-05-19-at-3.03.02-PM-1-1024x1024.jpeg 1024w, https:\/\/actualizateiguazu.com\/v3\/wp-content\/uploads\/2022\/05\/WhatsApp-Image-2022-05-19-at-3.03.02-PM-1-300x300.jpeg 300w, https:\/\/actualizateiguazu.com\/v3\/wp-content\/uploads\/2022\/05\/WhatsApp-Image-2022-05-19-at-3.03.02-PM-1-150x150.jpeg 150w, https:\/\/actualizateiguazu.com\/v3\/wp-content\/uploads\/2022\/05\/WhatsApp-Image-2022-05-19-at-3.03.02-PM-1-768x768.jpeg 768w, https:\/\/actualizateiguazu.com\/v3\/wp-content\/uploads\/2022\/05\/WhatsApp-Image-2022-05-19-at-3.03.02-PM-1.jpeg 1080w\" sizes=\"auto, (max-width: 1024px) 100vw, 1024px\" \/><\/figure>\n\n\n\n<p><strong>El domingo,<\/strong> las actividades comienzan con una f<strong>unci\u00f3n de t\u00edteres para toda la familia a la gorra<\/strong> de la mano de Julia Sigliano que presenta la obra \u201c<strong>El mundo de dondo\u201d esta ser\u00e1 a las 17horas en las instalaciones de la caba\u00f1a de los Mu\u00f1ecos.<\/strong> A las <strong>19.30 llega la m\u00fasica de la mano de Circuito Iguassu que presenta \u201cMusica de Frontera\u201d<\/strong> con la presentaci\u00f3n de la brasile\u00f1a de Mariana Araldi y Sebasti\u00e1n Pereyra de argentina, e<strong>ntradas anticipadas en la Caba\u00f1a o al 3757-625719.<\/strong><\/p>\n\n\n\n<figure class=\"wp-block-image size-large\"><img loading=\"lazy\" decoding=\"async\" width=\"723\" height=\"1024\" src=\"https:\/\/actualizateiguazu.com\/v3\/wp-content\/uploads\/2022\/05\/WhatsApp-Image-2022-05-19-at-3.04.17-PM-723x1024.jpeg\" alt=\"\" class=\"wp-image-27950\" srcset=\"https:\/\/actualizateiguazu.com\/v3\/wp-content\/uploads\/2022\/05\/WhatsApp-Image-2022-05-19-at-3.04.17-PM-723x1024.jpeg 723w, https:\/\/actualizateiguazu.com\/v3\/wp-content\/uploads\/2022\/05\/WhatsApp-Image-2022-05-19-at-3.04.17-PM-212x300.jpeg 212w, https:\/\/actualizateiguazu.com\/v3\/wp-content\/uploads\/2022\/05\/WhatsApp-Image-2022-05-19-at-3.04.17-PM-768x1087.jpeg 768w, https:\/\/actualizateiguazu.com\/v3\/wp-content\/uploads\/2022\/05\/WhatsApp-Image-2022-05-19-at-3.04.17-PM.jpeg 904w\" sizes=\"auto, (max-width: 723px) 100vw, 723px\" \/><\/figure>\n\n\n\n<p><strong>El lunes arranca el taller de t\u00edtere de boca con varilla y se extender\u00e1 hasta el mi\u00e9rcoles 25 de mayo de 15,30 a 18,30hs<\/strong>. El Taller dirigido a toda persona interesada en descubrir y aprender los puntos b\u00e1sicos de la animaci\u00f3n e interpretaci\u00f3n con t\u00edteres de boca con varilla. El objetivo es conocer el lenguaje y los principios b\u00e1sicos de esta t\u00e9cnica para la manipulaci\u00f3n e interpretaci\u00f3n: mirada, relaci\u00f3n t\u00edtere-titiritero, creaci\u00f3n del personaje y la voz en funci\u00f3n del t\u00edtere. As\u00ed como abrir la investigaci\u00f3n sobre formas de abordar historias, textos, una escena, \u00f3 un personaje. <strong>Para mayor informaci\u00f3n e inscripci\u00f3n: 376-4604194 Av. 3 Fronteras 434 &#8211; Puerto Iguaz\u00fa<\/strong><\/p>\n","protected":false},"excerpt":{"rendered":"<p>La usina de proyectos culturales en Iguaz\u00fa contin\u00faa generando a toda potencia con obras y<\/p>\n","protected":false},"author":1,"featured_media":27119,"comment_status":"open","ping_status":"open","sticky":false,"template":"","format":"standard","meta":{"footnotes":""},"categories":[1,222,226],"tags":[],"class_list":["post-27949","post","type-post","status-publish","format-standard","has-post-thumbnail","hentry","category-actualidad","category-cultura","category-locales"],"_links":{"self":[{"href":"https:\/\/actualizateiguazu.com\/v3\/wp-json\/wp\/v2\/posts\/27949","targetHints":{"allow":["GET"]}}],"collection":[{"href":"https:\/\/actualizateiguazu.com\/v3\/wp-json\/wp\/v2\/posts"}],"about":[{"href":"https:\/\/actualizateiguazu.com\/v3\/wp-json\/wp\/v2\/types\/post"}],"author":[{"embeddable":true,"href":"https:\/\/actualizateiguazu.com\/v3\/wp-json\/wp\/v2\/users\/1"}],"replies":[{"embeddable":true,"href":"https:\/\/actualizateiguazu.com\/v3\/wp-json\/wp\/v2\/comments?post=27949"}],"version-history":[{"count":1,"href":"https:\/\/actualizateiguazu.com\/v3\/wp-json\/wp\/v2\/posts\/27949\/revisions"}],"predecessor-version":[{"id":27952,"href":"https:\/\/actualizateiguazu.com\/v3\/wp-json\/wp\/v2\/posts\/27949\/revisions\/27952"}],"wp:featuredmedia":[{"embeddable":true,"href":"https:\/\/actualizateiguazu.com\/v3\/wp-json\/wp\/v2\/media\/27119"}],"wp:attachment":[{"href":"https:\/\/actualizateiguazu.com\/v3\/wp-json\/wp\/v2\/media?parent=27949"}],"wp:term":[{"taxonomy":"category","embeddable":true,"href":"https:\/\/actualizateiguazu.com\/v3\/wp-json\/wp\/v2\/categories?post=27949"},{"taxonomy":"post_tag","embeddable":true,"href":"https:\/\/actualizateiguazu.com\/v3\/wp-json\/wp\/v2\/tags?post=27949"}],"curies":[{"name":"wp","href":"https:\/\/api.w.org\/{rel}","templated":true}]}}