{"id":27960,"date":"2022-05-22T12:42:11","date_gmt":"2022-05-22T12:42:11","guid":{"rendered":"https:\/\/actualizateiguazu.com\/v3\/?p=27960"},"modified":"2022-05-22T12:42:15","modified_gmt":"2022-05-22T12:42:15","slug":"utilizo-sus-redes-sociales-y-dijo-estar-bien","status":"publish","type":"post","link":"https:\/\/actualizateiguazu.com\/v3\/2022\/05\/22\/utilizo-sus-redes-sociales-y-dijo-estar-bien\/","title":{"rendered":"Utiliz\u00f3 sus redes sociales y dijo estar bien"},"content":{"rendered":"\n<p>Cuatro d\u00edas antes de su cumplea\u00f1os, el pasado 8 de abril, <strong>los familiares de \u00c9rica Beatriz Ant\u00fanez de Lara (28) denunciaron\u00a0 su desaparici\u00f3n. La mujer se hab\u00eda ausentado de su hogar ubicado en el barrio Primavera, de Puerto Iguaz\u00fa, dejando all\u00ed a sus hijos.<\/strong><\/p>\n\n\n\n<p>A pesar de que aparentemente se comunic\u00f3 con la familia a trav\u00e9s de sus redes sociales, la Polic\u00eda Internacional (Interpol) <strong>no dio de baja la b\u00fasqueda en su lista de notificaciones amarillas agregada el pasado 12 de mayo<\/strong>.<\/p>\n\n\n\n<p>La informaci\u00f3n oficial marca que <strong>el pasado 11 de abril, la madre, Marta Teresa Ant\u00fanez de Olivera, denunci\u00f3 en una comisar\u00eda de la Ciudad de las Cataratas que cerca de las 18 del viernes 8 su hija sali\u00f3 del domicilio ubicado en el barrio Santa Rita y all\u00ed perdi\u00f3 todo tipo de contacto. Admiti\u00f3 en ese punto que desconoc\u00eda su paradero.<\/strong><\/p>\n\n\n\n<p>La investigaci\u00f3n policial se llev\u00f3 a cabo hasta que, varios d\u00edas despu\u00e9s, los familiares manifestaron haber tenido contacto con ella y solicitaron que se suspenda la b\u00fasqueda y se eliminen los pedidos que circulaban en las redes. Por su parte, el pasado viernes 20 de mayo, \u00c9rica se conect\u00f3 a trav\u00e9s de las redes sociales y manifest\u00f3 que se encuentra bien.<\/p>\n\n\n\n<p>All\u00ed brind\u00f3 informaci\u00f3n acerca de su estado de salud, pero sin revelar su paradero. Public\u00f3 una foto con el siguiente mensaje: <strong>\u201cHola a todos&#8230; les cuento que estoy bien, que hablo con mi familia hace rato. No me comunicaba porque no ten\u00eda celular y no me acordaba la contrase\u00f1a de mi Face, pero estoy s\u00faper bien&#8230; Gracias a todos los que se preocuparon<\/strong>\u201d.<\/p>\n\n\n\n<p>Seg\u00fan pudo averiguar este medio, los familiares de la mujer ya hab\u00edan informado que se fue a Brasil y que la joven hab\u00eda manifestado que no volver\u00eda. No brindaron m\u00e1s detalles al respecto y todas las publicaciones solicitaban ayuda para lograr encontrarla fueron eliminadas hace aproximadamente 15 d\u00edas por parte de los allegados<\/p>\n\n\n\n<p>Sin embargo, <strong>hasta el momento no se hallaron elementos concretos que conduzcan a su hallazgo de la mujer m\u00e1s all\u00e1 del testimonio de sus allegados que manifestaron haber hablado con ella por videollamada.<\/strong><\/p>\n\n\n\n<figure class=\"wp-block-image size-full\"><img loading=\"lazy\" decoding=\"async\" width=\"712\" height=\"508\" src=\"https:\/\/actualizateiguazu.com\/v3\/wp-content\/uploads\/2022\/05\/de-lara.jpg\" alt=\"\" class=\"wp-image-27661\" srcset=\"https:\/\/actualizateiguazu.com\/v3\/wp-content\/uploads\/2022\/05\/de-lara.jpg 712w, https:\/\/actualizateiguazu.com\/v3\/wp-content\/uploads\/2022\/05\/de-lara-300x214.jpg 300w\" sizes=\"auto, (max-width: 712px) 100vw, 712px\" \/><\/figure>\n\n\n\n<p>La&nbsp; alerta emitida por la Interpol, publicada en su p\u00e1gina web oficial, brinda los datos de \u00c9rica junto a dos fotos actualizadas de la presunta desaparecida.<\/p>\n\n\n\n<p>La publicaci\u00f3n con peso mundial no fue dada de baja y all\u00ed se detalla que la mujer tiene un tatuaje en forma de coraz\u00f3n en el brazo izquierdo, mide 1,70 metros de altura, es de cabellos rubios y ojos color casta\u00f1o.<\/p>\n","protected":false},"excerpt":{"rendered":"<p>Cuatro d\u00edas antes de su cumplea\u00f1os, el pasado 8 de abril, los familiares de \u00c9rica<\/p>\n","protected":false},"author":1,"featured_media":27961,"comment_status":"open","ping_status":"open","sticky":false,"template":"","format":"standard","meta":{"footnotes":""},"categories":[1,226],"tags":[],"class_list":["post-27960","post","type-post","status-publish","format-standard","has-post-thumbnail","hentry","category-actualidad","category-locales"],"_links":{"self":[{"href":"https:\/\/actualizateiguazu.com\/v3\/wp-json\/wp\/v2\/posts\/27960","targetHints":{"allow":["GET"]}}],"collection":[{"href":"https:\/\/actualizateiguazu.com\/v3\/wp-json\/wp\/v2\/posts"}],"about":[{"href":"https:\/\/actualizateiguazu.com\/v3\/wp-json\/wp\/v2\/types\/post"}],"author":[{"embeddable":true,"href":"https:\/\/actualizateiguazu.com\/v3\/wp-json\/wp\/v2\/users\/1"}],"replies":[{"embeddable":true,"href":"https:\/\/actualizateiguazu.com\/v3\/wp-json\/wp\/v2\/comments?post=27960"}],"version-history":[{"count":1,"href":"https:\/\/actualizateiguazu.com\/v3\/wp-json\/wp\/v2\/posts\/27960\/revisions"}],"predecessor-version":[{"id":27962,"href":"https:\/\/actualizateiguazu.com\/v3\/wp-json\/wp\/v2\/posts\/27960\/revisions\/27962"}],"wp:featuredmedia":[{"embeddable":true,"href":"https:\/\/actualizateiguazu.com\/v3\/wp-json\/wp\/v2\/media\/27961"}],"wp:attachment":[{"href":"https:\/\/actualizateiguazu.com\/v3\/wp-json\/wp\/v2\/media?parent=27960"}],"wp:term":[{"taxonomy":"category","embeddable":true,"href":"https:\/\/actualizateiguazu.com\/v3\/wp-json\/wp\/v2\/categories?post=27960"},{"taxonomy":"post_tag","embeddable":true,"href":"https:\/\/actualizateiguazu.com\/v3\/wp-json\/wp\/v2\/tags?post=27960"}],"curies":[{"name":"wp","href":"https:\/\/api.w.org\/{rel}","templated":true}]}}