{"id":27991,"date":"2022-05-23T09:39:13","date_gmt":"2022-05-23T09:39:13","guid":{"rendered":"https:\/\/actualizateiguazu.com\/v3\/?p=27991"},"modified":"2022-05-23T09:39:16","modified_gmt":"2022-05-23T09:39:16","slug":"gobernadores-del-norte-grande-se-vuelven-a-reunir","status":"publish","type":"post","link":"https:\/\/actualizateiguazu.com\/v3\/2022\/05\/23\/gobernadores-del-norte-grande-se-vuelven-a-reunir\/","title":{"rendered":"Gobernadores del Norte Grande se vuelven a reunir"},"content":{"rendered":"\n<p>El bloque regional se viene fortalenciendo por una firme decisi\u00f3n pol\u00edtica de sus mandatarios. Tarifas diferenciales de energ\u00eda y reparto equilibrado de subsidios al transporte, en el temario.<\/p>\n\n\n\n<p>En medio del modo ebullici\u00f3n en el que entraron los gobernadores frente al impacto de la trepada inflacionaria y de las tensiones en el oficialismo nacional, <strong>los mandatarios del Norte Grande volver\u00e1n a protagonizar una cumbre, en este caso este viernes 27 de mayo en la ciudad de San Miguel de Tucum\u00e1n.<\/strong><\/p>\n\n\n\n<p>Se trata de la 10\u00b0 Asamblea del Consejo Regional, tras el relanzamiento del bloque regional en diciembre de 2020.<\/p>\n\n\n\n<p>En esta oportunidad el anfitri\u00f3n ser\u00e1 el tucumano Osvaldo Jaldo, quien recibir\u00e1 a los tambi\u00e9n peronistas Jorge Capitanich (Chaco), Gildo Insfr\u00e1n (Formosa), Ra\u00fal Jalil (Catamarca) y Ricardo Quintela (La Rioja); a los radicales Gerardo Morales (Jujuy) y Gustavo Vald\u00e9s (Corrientes), y al misionero Oscar Herrera Ahuad (Frente Renovador de la Concordia), al santiague\u00f1o Gerardo Zamora (Frente C\u00edvico, actual presidente pro tempore) y al salte\u00f1o Gustavo S\u00e1enz.<\/p>\n\n\n\n<p>La coalici\u00f3n de gobernadores del NOA y NEA lleva adelante una febril agenda en pos de potenciar el desarrollo de la regi\u00f3n, hist\u00f3ricamente castigada por asimetr\u00edas respecto de otras zonas del pa\u00eds.<\/p>\n\n\n\n<p><strong>Uno de los planteos m\u00e1s fuertes tiene que ver con el pedido de tarifas diferenciales en materia energ\u00e9tica y un reparto equilibrado de subsidios al transporte.<\/strong><\/p>\n\n\n\n<p>Regi\u00f3n fortalecida<\/p>\n\n\n\n<p>El Norte Grande viene fortalecido con la aprobaci\u00f3n por parte de Senado, que vot\u00f3 por unanimidad y gir\u00f3 a la C\u00e1mara de Diputados &#8211;&nbsp; un proyecto de resoluci\u00f3n que reconoce el tratado interprovincial de creaci\u00f3n de la Regi\u00f3n Norte Grande Argentino (NOA-NEA) previsto por la Constituci\u00f3n, para promover el \u00abdesarrollo econ\u00f3mico y social\u00bb de las provincias de esa regi\u00f3n.<\/p>\n\n\n\n<p>A partir de este Tratado se reconoce que la regi\u00f3n Norte Grande est\u00e1 conformada por las provincias de Catamarca, Corrientes, Chaco, Formosa, Jujuy, Misiones, Tucum\u00e1n, Salta, La Rioja y Santiago del Estero.<\/p>\n\n\n\n<p>\u00ab<strong>La regi\u00f3n creada y los \u00f3rganos que se establecen para el cumplimiento de sus fines, no implica enajenaci\u00f3n o cesi\u00f3n de ninguno de los territorios provinciales, manteni\u00e9ndose intactos los l\u00edmites de cada provincia<\/strong>\u00ab, reza el texto del proyecto que fue presentado por el chaque\u00f1o Antonio Rodas (FdT).<\/p>\n\n\n\n<p>Fuente: Nueva Rioja<\/p>\n","protected":false},"excerpt":{"rendered":"<p>El bloque regional se viene fortalenciendo por una firme decisi\u00f3n pol\u00edtica de sus mandatarios. Tarifas<\/p>\n","protected":false},"author":1,"featured_media":27992,"comment_status":"open","ping_status":"open","sticky":false,"template":"","format":"standard","meta":{"footnotes":""},"categories":[1,230],"tags":[],"class_list":["post-27991","post","type-post","status-publish","format-standard","has-post-thumbnail","hentry","category-actualidad","category-regionales"],"_links":{"self":[{"href":"https:\/\/actualizateiguazu.com\/v3\/wp-json\/wp\/v2\/posts\/27991","targetHints":{"allow":["GET"]}}],"collection":[{"href":"https:\/\/actualizateiguazu.com\/v3\/wp-json\/wp\/v2\/posts"}],"about":[{"href":"https:\/\/actualizateiguazu.com\/v3\/wp-json\/wp\/v2\/types\/post"}],"author":[{"embeddable":true,"href":"https:\/\/actualizateiguazu.com\/v3\/wp-json\/wp\/v2\/users\/1"}],"replies":[{"embeddable":true,"href":"https:\/\/actualizateiguazu.com\/v3\/wp-json\/wp\/v2\/comments?post=27991"}],"version-history":[{"count":1,"href":"https:\/\/actualizateiguazu.com\/v3\/wp-json\/wp\/v2\/posts\/27991\/revisions"}],"predecessor-version":[{"id":27993,"href":"https:\/\/actualizateiguazu.com\/v3\/wp-json\/wp\/v2\/posts\/27991\/revisions\/27993"}],"wp:featuredmedia":[{"embeddable":true,"href":"https:\/\/actualizateiguazu.com\/v3\/wp-json\/wp\/v2\/media\/27992"}],"wp:attachment":[{"href":"https:\/\/actualizateiguazu.com\/v3\/wp-json\/wp\/v2\/media?parent=27991"}],"wp:term":[{"taxonomy":"category","embeddable":true,"href":"https:\/\/actualizateiguazu.com\/v3\/wp-json\/wp\/v2\/categories?post=27991"},{"taxonomy":"post_tag","embeddable":true,"href":"https:\/\/actualizateiguazu.com\/v3\/wp-json\/wp\/v2\/tags?post=27991"}],"curies":[{"name":"wp","href":"https:\/\/api.w.org\/{rel}","templated":true}]}}