{"id":28002,"date":"2022-05-23T10:36:49","date_gmt":"2022-05-23T10:36:49","guid":{"rendered":"https:\/\/actualizateiguazu.com\/v3\/?p=28002"},"modified":"2022-05-23T10:36:56","modified_gmt":"2022-05-23T10:36:56","slug":"firmaran-convenio-por-obras-energeticas-para-iguazu","status":"publish","type":"post","link":"https:\/\/actualizateiguazu.com\/v3\/2022\/05\/23\/firmaran-convenio-por-obras-energeticas-para-iguazu\/","title":{"rendered":"Firmar\u00e1n convenio por obras energ\u00e9ticas para Iguaz\u00fa"},"content":{"rendered":"\n<p>Se conoci\u00f3 que el gobernador Oscar Herrera Ahuad tiene previsto viajar a la Ciudad Aut\u00f3noma de Buenos Aires (Caba) en la jornada de este lunes y reunirse con el secretario de Energ\u00eda de la Naci\u00f3n, Dar\u00edo Mart\u00ednez.<\/p>\n\n\n\n<p>De acuerdo a lo que pudo averiguar El Territorio, l<strong>a reuni\u00f3n est\u00e1 prevista para las 16, horario en el que se firmar\u00e1 un acuerdo para avanzar con obras de abastecimiento energ\u00e9tico para la ciudad de Puerto Iguaz\u00fa<\/strong>.<\/p>\n\n\n\n<p><strong>La iniciativa que se terminar\u00e1 de sellar ma\u00f1ana entre Provincia y Naci\u00f3n involucra a la l\u00ednea que va de la rotonda de Puerto Iguaz\u00fa hasta la subestaci\u00f3n en la ciudad con el agregado de un nuevo transformador,<\/strong> se explic\u00f3 de manera oficial a este matutino.<\/p>\n\n\n\n<p>De esta manera, la r\u00fabrica por las obras en materia energ\u00e9tica para el Norte misionero se suman a los acuerdo que se firmaron a principio de mes en la provincia.<\/p>\n\n\n\n<p>El pasado 4 de mayo, <strong>se sell\u00f3 un acuerdo para realizaci\u00f3n de obras de una l\u00ednea de alta tensi\u00f3n de 132 kv que recorrer\u00e1 las estaciones de San Isidro-Alem-Ober\u00e1 y la construcci\u00f3n de la l\u00ednea de media tensi\u00f3n que abarcar\u00e1 las ciudades de San Vicente-San Pedro y San Vicente-El Soberbio.<\/strong><\/p>\n\n\n\n<p><strong>Dichas obras buscan beneficiar a unas 200 mil personas del Centro y Norte de la provincia, dando calidad de vida a los ciudadanos y respaldando los emprendimientos tur\u00edsticos.<\/strong><\/p>\n\n\n\n<p>Fuente: El Territoro<\/p>\n","protected":false},"excerpt":{"rendered":"<p>Se conoci\u00f3 que el gobernador Oscar Herrera Ahuad tiene previsto viajar a la Ciudad Aut\u00f3noma<\/p>\n","protected":false},"author":1,"featured_media":27442,"comment_status":"open","ping_status":"open","sticky":false,"template":"","format":"standard","meta":{"footnotes":""},"categories":[1,226,227],"tags":[],"class_list":["post-28002","post","type-post","status-publish","format-standard","has-post-thumbnail","hentry","category-actualidad","category-locales","category-nacionales"],"_links":{"self":[{"href":"https:\/\/actualizateiguazu.com\/v3\/wp-json\/wp\/v2\/posts\/28002","targetHints":{"allow":["GET"]}}],"collection":[{"href":"https:\/\/actualizateiguazu.com\/v3\/wp-json\/wp\/v2\/posts"}],"about":[{"href":"https:\/\/actualizateiguazu.com\/v3\/wp-json\/wp\/v2\/types\/post"}],"author":[{"embeddable":true,"href":"https:\/\/actualizateiguazu.com\/v3\/wp-json\/wp\/v2\/users\/1"}],"replies":[{"embeddable":true,"href":"https:\/\/actualizateiguazu.com\/v3\/wp-json\/wp\/v2\/comments?post=28002"}],"version-history":[{"count":1,"href":"https:\/\/actualizateiguazu.com\/v3\/wp-json\/wp\/v2\/posts\/28002\/revisions"}],"predecessor-version":[{"id":28003,"href":"https:\/\/actualizateiguazu.com\/v3\/wp-json\/wp\/v2\/posts\/28002\/revisions\/28003"}],"wp:featuredmedia":[{"embeddable":true,"href":"https:\/\/actualizateiguazu.com\/v3\/wp-json\/wp\/v2\/media\/27442"}],"wp:attachment":[{"href":"https:\/\/actualizateiguazu.com\/v3\/wp-json\/wp\/v2\/media?parent=28002"}],"wp:term":[{"taxonomy":"category","embeddable":true,"href":"https:\/\/actualizateiguazu.com\/v3\/wp-json\/wp\/v2\/categories?post=28002"},{"taxonomy":"post_tag","embeddable":true,"href":"https:\/\/actualizateiguazu.com\/v3\/wp-json\/wp\/v2\/tags?post=28002"}],"curies":[{"name":"wp","href":"https:\/\/api.w.org\/{rel}","templated":true}]}}