{"id":28008,"date":"2022-05-23T13:40:30","date_gmt":"2022-05-23T13:40:30","guid":{"rendered":"https:\/\/actualizateiguazu.com\/v3\/?p=28008"},"modified":"2022-05-23T13:40:33","modified_gmt":"2022-05-23T13:40:33","slug":"abuso-de-menor-en-iguazu-no-se-a-donde-recurrir-mi-nieta-no-esta-bien","status":"publish","type":"post","link":"https:\/\/actualizateiguazu.com\/v3\/2022\/05\/23\/abuso-de-menor-en-iguazu-no-se-a-donde-recurrir-mi-nieta-no-esta-bien\/","title":{"rendered":"Abuso de menor en Iguaz\u00fa: \u201cNo s\u00e9 a d\u00f3nde recurrir, mi nieta no est\u00e1 bien\u201d"},"content":{"rendered":"\n<p>Elsa Machado entr\u00f3 en desesperaci\u00f3n tras ser alertada sobre la liberaci\u00f3n de uno de los dos detenidos que tiene la investigaci\u00f3n por el abuso sexual que sufri\u00f3 su joven nieta en diciembre del 2021 en Puerto Iguaz\u00fa<\/p>\n\n\n\n<p><strong>Tras ser alertada sobre la liberaci\u00f3n de uno de los dos detenidos que tiene la investigaci\u00f3n por el abuso sexual que sufri\u00f3 su joven nieta, en diciembre del a\u00f1o pasado en Puerto Iguaz\u00fa, Elsa Machado entr\u00f3 en desesperaci\u00f3n<\/strong>. M\u00e1s a\u00fan al ver y escuchar a la v\u00edctima muy angustiada con la novedad, por lo que teme por la vida de la chica que se encuentra en estado depresivo y que ya adelant\u00f3 que los responsables de lo que le hicieron recuperaban la libertad ella pod\u00eda tomar una dr\u00e1stica decisi\u00f3n sobre su vida.<\/p>\n\n\n\n<p>\u201c<strong>Yo no s\u00e9 qu\u00e9 hacer y no s\u00e9 a d\u00f3nde recurrir, mi nieta no est\u00e1 bien, desde ese d\u00eda (ataque) se refugi\u00f3 en el alcohol y como es mayor de edad, no tengo mucho control sobre ella y temo lo peor. Ella me dijo que si los soltaban ella tomar\u00eda una decisi\u00f3n por su vida, no s\u00e9 qu\u00e9 hacer<\/strong>\u201d, narr\u00f3 angustiada Elsa, quien en la actualidad est\u00e1 a cargo de su nieta.<\/p>\n\n\n\n<p>La mujer cont\u00f3 a este medio que su nieta se enter\u00f3 de que ambos imputados recuperar\u00edan la libertad cuando fue al juzgado a averiguar c\u00f3mo segu\u00eda la causa.<\/p>\n\n\n\n<p>Coment\u00f3 que en esa oportunidad le dijeron \u201c<strong>que pagaron la fianza y que los liberar\u00edan, hoy (por ayer) me enter\u00e9 de que uno ya est\u00e1 libre y que al otro tambi\u00e9n lo largar\u00edan. No entiendo por qu\u00e9, nosotros llevamos todas las pruebas hasta las c\u00e1maras del motel entregamos. No puede estar libre, no s\u00e9 qu\u00e9 va a pasar con mi nieta. Est\u00e1 deprimida y sin ganas de vivir despu\u00e9s de lo que le hicieron<\/strong>\u201d.<\/p>\n\n\n\n<p>Respecto al acompa\u00f1amiento psicol\u00f3gico, la abuela indic\u00f3 que su nieta fue un par de veces al psic\u00f3logo y que luego decidi\u00f3 seguir estudiando en C\u00f3rdoba, aunque a pesar de que viaj\u00f3 no aguant\u00f3 la presi\u00f3n y regres\u00f3.<\/p>\n\n\n\n<p>\u201c<strong>No consigue trabajo, no tiene ganas de vivir y anda con un grupo de personas que no son buenas, empez\u00f3 a consumir alcohol. No s\u00e9 qu\u00e9 hacer para que se recupere y ahora con la noticia de que est\u00e1n sueltos, todo se hace m\u00e1s dif\u00edci<\/strong>l\u201d, lament\u00f3 con tristeza la entrevistada.<\/p>\n\n\n\n<p><strong>El caso<\/strong><\/p>\n\n\n\n<p>El ataque se produjo el 27 de diciembre cuando la denunciante se encontraba con unos amigos compartiendo bebidas frente a un boliche, ubicado en pleno centro de la ciudad de Puerto Iguaz\u00fa, del cual acababa de salir.<\/p>\n\n\n\n<p>En un momento dado comenz\u00f3 a sentirse mal y el hermano de su padrastro, identificado como Ezequiel N., se ofreci\u00f3 a llevarla a la casa junto a un amigo. La joven accedi\u00f3, pero momentos m\u00e1s tarde perdi\u00f3 la conciencia y despert\u00f3 en una habitaci\u00f3n de lo que se presume era un hotel alojamiento, por los espejos que describi\u00f3 la v\u00edctima, mientras uno de los j\u00f3venes estaba sobre ella cometiendo el abuso.<\/p>\n\n\n\n<p>La chica volvi\u00f3 a desmayarse y recobr\u00f3 los sentidos cuando estaba a bordo de una motocicleta y la dejaron en la esquina de su casa.<\/p>\n\n\n\n<p>La abuela de la joven not\u00f3 que su nieta ten\u00eda la ropa al rev\u00e9s y al preguntar qu\u00e9 hab\u00eda sucedido, la joven se quebr\u00f3 y dijo que no sab\u00eda qu\u00e9 le hab\u00edan hecho.<\/p>\n\n\n\n<p>R\u00e1pidamente su abuela la llev\u00f3 a la Comisar\u00eda de la Mujer, donde realiz\u00f3 la denuncia y su nieta fue trasladada a Eldorado para que la revisara un m\u00e9dico forense.<\/p>\n\n\n\n<p>Semanas despu\u00e9s, los dos presuntos implicados en el hecho fueron detenidos y puestos a disposici\u00f3n del Juzgado de Instrucci\u00f3n Tres de Puerto Iguaz\u00fa.<\/p>\n","protected":false},"excerpt":{"rendered":"<p>Elsa Machado entr\u00f3 en desesperaci\u00f3n tras ser alertada sobre la liberaci\u00f3n de uno de los<\/p>\n","protected":false},"author":1,"featured_media":28009,"comment_status":"open","ping_status":"open","sticky":false,"template":"","format":"standard","meta":{"footnotes":""},"categories":[1,226],"tags":[],"class_list":["post-28008","post","type-post","status-publish","format-standard","has-post-thumbnail","hentry","category-actualidad","category-locales"],"_links":{"self":[{"href":"https:\/\/actualizateiguazu.com\/v3\/wp-json\/wp\/v2\/posts\/28008","targetHints":{"allow":["GET"]}}],"collection":[{"href":"https:\/\/actualizateiguazu.com\/v3\/wp-json\/wp\/v2\/posts"}],"about":[{"href":"https:\/\/actualizateiguazu.com\/v3\/wp-json\/wp\/v2\/types\/post"}],"author":[{"embeddable":true,"href":"https:\/\/actualizateiguazu.com\/v3\/wp-json\/wp\/v2\/users\/1"}],"replies":[{"embeddable":true,"href":"https:\/\/actualizateiguazu.com\/v3\/wp-json\/wp\/v2\/comments?post=28008"}],"version-history":[{"count":1,"href":"https:\/\/actualizateiguazu.com\/v3\/wp-json\/wp\/v2\/posts\/28008\/revisions"}],"predecessor-version":[{"id":28010,"href":"https:\/\/actualizateiguazu.com\/v3\/wp-json\/wp\/v2\/posts\/28008\/revisions\/28010"}],"wp:featuredmedia":[{"embeddable":true,"href":"https:\/\/actualizateiguazu.com\/v3\/wp-json\/wp\/v2\/media\/28009"}],"wp:attachment":[{"href":"https:\/\/actualizateiguazu.com\/v3\/wp-json\/wp\/v2\/media?parent=28008"}],"wp:term":[{"taxonomy":"category","embeddable":true,"href":"https:\/\/actualizateiguazu.com\/v3\/wp-json\/wp\/v2\/categories?post=28008"},{"taxonomy":"post_tag","embeddable":true,"href":"https:\/\/actualizateiguazu.com\/v3\/wp-json\/wp\/v2\/tags?post=28008"}],"curies":[{"name":"wp","href":"https:\/\/api.w.org\/{rel}","templated":true}]}}