{"id":28011,"date":"2022-05-23T14:13:31","date_gmt":"2022-05-23T14:13:31","guid":{"rendered":"https:\/\/actualizateiguazu.com\/v3\/?p=28011"},"modified":"2022-05-23T14:13:34","modified_gmt":"2022-05-23T14:13:34","slug":"mateando-celebro-junto-a-los-abuelos-de-san-vicente","status":"publish","type":"post","link":"https:\/\/actualizateiguazu.com\/v3\/2022\/05\/23\/mateando-celebro-junto-a-los-abuelos-de-san-vicente\/","title":{"rendered":"\u201cMateando\u201d celebr\u00f3 junto a los abuelos de San Vicente"},"content":{"rendered":"\n<p>\u201cMateando con los abuelos\u201d estuvo en San Vicente, donde comparti\u00f3 una tarde grata y divertida junto a los adultos mayores de la localidad, que se congregaron en la Casa de la Cultura.<\/p>\n\n\n\n<p>Concurso de baile, celebraci\u00f3n de los cumplea\u00f1os de mayo, merienda y m\u00fasica en vivo, ejecutada por la banda \u201cSuena Sanfona\u201d, fueron algunas de las actividades que compartieron, coordinados por el equipo de IPLyC Social y el \u00c1rea de Adultos Mayores de la Capital de la Madera.<\/p>\n\n\n\n<figure class=\"wp-block-image size-full\"><img loading=\"lazy\" decoding=\"async\" width=\"540\" height=\"810\" src=\"https:\/\/actualizateiguazu.com\/v3\/wp-content\/uploads\/2022\/05\/WhatsApp-Image-2022-05-23-at-7.35.08-AM.jpeg\" alt=\"\" class=\"wp-image-28012\" srcset=\"https:\/\/actualizateiguazu.com\/v3\/wp-content\/uploads\/2022\/05\/WhatsApp-Image-2022-05-23-at-7.35.08-AM.jpeg 540w, https:\/\/actualizateiguazu.com\/v3\/wp-content\/uploads\/2022\/05\/WhatsApp-Image-2022-05-23-at-7.35.08-AM-200x300.jpeg 200w\" sizes=\"auto, (max-width: 540px) 100vw, 540px\" \/><\/figure>\n\n\n\n<p>Entre los participantes, se destac\u00f3 el Club de Abuelos Unidos, que cuenta con un taller de danzas folcl\u00f3ricas dictado por el profesor Leonard Ziuk y que durante el encuentro del viernes deleit\u00f3 a los agasajados con chacarera y chamam\u00e9.<\/p>\n","protected":false},"excerpt":{"rendered":"<p>\u201cMateando con los abuelos\u201d estuvo en San Vicente, donde comparti\u00f3 una tarde grata y divertida<\/p>\n","protected":false},"author":1,"featured_media":28013,"comment_status":"open","ping_status":"open","sticky":false,"template":"","format":"standard","meta":{"footnotes":""},"categories":[1,229,232],"tags":[],"class_list":["post-28011","post","type-post","status-publish","format-standard","has-post-thumbnail","hentry","category-actualidad","category-provinciales","category-sociedad"],"_links":{"self":[{"href":"https:\/\/actualizateiguazu.com\/v3\/wp-json\/wp\/v2\/posts\/28011","targetHints":{"allow":["GET"]}}],"collection":[{"href":"https:\/\/actualizateiguazu.com\/v3\/wp-json\/wp\/v2\/posts"}],"about":[{"href":"https:\/\/actualizateiguazu.com\/v3\/wp-json\/wp\/v2\/types\/post"}],"author":[{"embeddable":true,"href":"https:\/\/actualizateiguazu.com\/v3\/wp-json\/wp\/v2\/users\/1"}],"replies":[{"embeddable":true,"href":"https:\/\/actualizateiguazu.com\/v3\/wp-json\/wp\/v2\/comments?post=28011"}],"version-history":[{"count":1,"href":"https:\/\/actualizateiguazu.com\/v3\/wp-json\/wp\/v2\/posts\/28011\/revisions"}],"predecessor-version":[{"id":28014,"href":"https:\/\/actualizateiguazu.com\/v3\/wp-json\/wp\/v2\/posts\/28011\/revisions\/28014"}],"wp:featuredmedia":[{"embeddable":true,"href":"https:\/\/actualizateiguazu.com\/v3\/wp-json\/wp\/v2\/media\/28013"}],"wp:attachment":[{"href":"https:\/\/actualizateiguazu.com\/v3\/wp-json\/wp\/v2\/media?parent=28011"}],"wp:term":[{"taxonomy":"category","embeddable":true,"href":"https:\/\/actualizateiguazu.com\/v3\/wp-json\/wp\/v2\/categories?post=28011"},{"taxonomy":"post_tag","embeddable":true,"href":"https:\/\/actualizateiguazu.com\/v3\/wp-json\/wp\/v2\/tags?post=28011"}],"curies":[{"name":"wp","href":"https:\/\/api.w.org\/{rel}","templated":true}]}}