{"id":28015,"date":"2022-05-23T14:45:51","date_gmt":"2022-05-23T14:45:51","guid":{"rendered":"https:\/\/actualizateiguazu.com\/v3\/?p=28015"},"modified":"2022-05-23T14:48:44","modified_gmt":"2022-05-23T14:48:44","slug":"dia-mundial-del-melanoma-147-personas-fueron-atendidas-durante-la-jornada-de-concientizacion","status":"publish","type":"post","link":"https:\/\/actualizateiguazu.com\/v3\/2022\/05\/23\/dia-mundial-del-melanoma-147-personas-fueron-atendidas-durante-la-jornada-de-concientizacion\/","title":{"rendered":"D\u00eda Mundial del Melanoma: 147 personas fueron atendidas durante la jornada de concientizaci\u00f3n"},"content":{"rendered":"\n<p>La jornada de revisi\u00f3n y de concientizaci\u00f3n por le d\u00eda mundial del melanoma se llev\u00f3 adelante en Iguaz\u00fa el pasado 20 de mayo, la misma fue organizada por el Grupo Cuidate Iguaz\u00fa junto con profesionales del Servicio de Dermatolog\u00eda del Hospital Madariaga de Posadas, ademas de las charlas, 147 personas consultaron y fueron atendidas por las profesionales que revisaron los lunares.<\/p>\n\n\n\n<p>Todas las actividades que se desarrollaron, registraron una fue excelente la participaci\u00f3n. Estas iniciaron a las 08 hs. en el Hospital SAMIC con una charla para profesionales y personal de salud. A partir de las 09 hs. comenz\u00f3 la atenci\u00f3n m\u00e9dica en el sector de Consultorios del Hospital SAMIC, y luego, a las 15 hs. el operativo de atenci\u00f3n se desarroll\u00f3 en el CAPS 2000 hect\u00e1reas y la escuela del Barrio 25 de Mayo.<\/p>\n\n\n\n<figure class=\"wp-block-image size-large\"><img loading=\"lazy\" decoding=\"async\" width=\"1024\" height=\"768\" src=\"https:\/\/actualizateiguazu.com\/v3\/wp-content\/uploads\/2022\/05\/WhatsApp-Image-2022-05-23-at-8.46.39-AM-1024x768.jpeg\" alt=\"\" class=\"wp-image-28016\" srcset=\"https:\/\/actualizateiguazu.com\/v3\/wp-content\/uploads\/2022\/05\/WhatsApp-Image-2022-05-23-at-8.46.39-AM-1024x768.jpeg 1024w, https:\/\/actualizateiguazu.com\/v3\/wp-content\/uploads\/2022\/05\/WhatsApp-Image-2022-05-23-at-8.46.39-AM-300x225.jpeg 300w, https:\/\/actualizateiguazu.com\/v3\/wp-content\/uploads\/2022\/05\/WhatsApp-Image-2022-05-23-at-8.46.39-AM-768x576.jpeg 768w, https:\/\/actualizateiguazu.com\/v3\/wp-content\/uploads\/2022\/05\/WhatsApp-Image-2022-05-23-at-8.46.39-AM-1536x1152.jpeg 1536w, https:\/\/actualizateiguazu.com\/v3\/wp-content\/uploads\/2022\/05\/WhatsApp-Image-2022-05-23-at-8.46.39-AM-720x540.jpeg 720w, https:\/\/actualizateiguazu.com\/v3\/wp-content\/uploads\/2022\/05\/WhatsApp-Image-2022-05-23-at-8.46.39-AM.jpeg 1600w\" sizes=\"auto, (max-width: 1024px) 100vw, 1024px\" \/><\/figure>\n\n\n\n<p>La jornada cerro a las 19 hs. con una charla informativa, abierta al p\u00fablico en general en el Sal\u00f3n de la AHGAI \u201cEl c\u00e1ncer de piel si es diagnosticado a tiempo, es curable en la mayor\u00eda de los casos, por eso es importante la visita al dermat\u00f3logo para revisarnos, conocer la forma de prevenirlo y los cuidados que debemos tener. La exposici\u00f3n al sol es un factor de riesgo\u201d indicaron los profesionales.<\/p>\n\n\n\n<p>Desde el grupo Cu\u00eddate Iguaz\u00fa expresaron su agradecimiento a las profesionales, Dra. Gabriela Gonzalez Campos. Dra. Maria Jos\u00e9 Corsi. Dra. Maria \u00c1ngela Dei Castelli y Dra. Marina Ant\u00fanez. Adem\u00e1s resaltaron la colaboraci\u00f3n del Hotel Saint George, la Asociaci\u00f3n AHGAI, y Aqva&nbsp; Restaurant<\/p>\n\n\n\n<p>\u201cAgradecemos a todos los que colaboraron con la difusi\u00f3n y predisposici\u00f3n que siempre tienen, ya que estas charlas, talleres, las consultas totalmente gratuitas, son muy importantes para toda nuestra comunidad\u201d remataron<\/p>\n","protected":false},"excerpt":{"rendered":"<p>La jornada de revisi\u00f3n y de concientizaci\u00f3n por le d\u00eda mundial del melanoma se llev\u00f3<\/p>\n","protected":false},"author":1,"featured_media":28017,"comment_status":"open","ping_status":"open","sticky":false,"template":"","format":"standard","meta":{"footnotes":""},"categories":[1,226,231],"tags":[],"class_list":["post-28015","post","type-post","status-publish","format-standard","has-post-thumbnail","hentry","category-actualidad","category-locales","category-salud"],"_links":{"self":[{"href":"https:\/\/actualizateiguazu.com\/v3\/wp-json\/wp\/v2\/posts\/28015","targetHints":{"allow":["GET"]}}],"collection":[{"href":"https:\/\/actualizateiguazu.com\/v3\/wp-json\/wp\/v2\/posts"}],"about":[{"href":"https:\/\/actualizateiguazu.com\/v3\/wp-json\/wp\/v2\/types\/post"}],"author":[{"embeddable":true,"href":"https:\/\/actualizateiguazu.com\/v3\/wp-json\/wp\/v2\/users\/1"}],"replies":[{"embeddable":true,"href":"https:\/\/actualizateiguazu.com\/v3\/wp-json\/wp\/v2\/comments?post=28015"}],"version-history":[{"count":2,"href":"https:\/\/actualizateiguazu.com\/v3\/wp-json\/wp\/v2\/posts\/28015\/revisions"}],"predecessor-version":[{"id":28019,"href":"https:\/\/actualizateiguazu.com\/v3\/wp-json\/wp\/v2\/posts\/28015\/revisions\/28019"}],"wp:featuredmedia":[{"embeddable":true,"href":"https:\/\/actualizateiguazu.com\/v3\/wp-json\/wp\/v2\/media\/28017"}],"wp:attachment":[{"href":"https:\/\/actualizateiguazu.com\/v3\/wp-json\/wp\/v2\/media?parent=28015"}],"wp:term":[{"taxonomy":"category","embeddable":true,"href":"https:\/\/actualizateiguazu.com\/v3\/wp-json\/wp\/v2\/categories?post=28015"},{"taxonomy":"post_tag","embeddable":true,"href":"https:\/\/actualizateiguazu.com\/v3\/wp-json\/wp\/v2\/tags?post=28015"}],"curies":[{"name":"wp","href":"https:\/\/api.w.org\/{rel}","templated":true}]}}