{"id":28020,"date":"2022-05-23T15:30:46","date_gmt":"2022-05-23T15:30:46","guid":{"rendered":"https:\/\/actualizateiguazu.com\/v3\/?p=28020"},"modified":"2022-05-23T15:30:49","modified_gmt":"2022-05-23T15:30:49","slug":"flora-de-misiones-charla-sobre-frutales-y-orquideas-nativas-en-el-imibio","status":"publish","type":"post","link":"https:\/\/actualizateiguazu.com\/v3\/2022\/05\/23\/flora-de-misiones-charla-sobre-frutales-y-orquideas-nativas-en-el-imibio\/","title":{"rendered":"Flora de Misiones: Charla sobre Frutales y Orqu\u00eddeas Nativas en el IMiBio"},"content":{"rendered":"\n<p>En el marco de la semana de la Biodiversidad, el Instituto Misionero de Biodiversidad los invita a toda la comunidad a participar de una Charla \/Taller destinado al p\u00fablico en general, en la cual se abarcaran temas tales como Frutales Nativos de Misiones y Orqu\u00eddeas nativas. Los cupos son limitados y las inscripciones est\u00e1n abiertas.<\/p>\n\n\n\n<p>Estos talleres tienen su origen en nuevos proyectos que est\u00e1n impulsando desde el IMiBio, por ejemplo hace ya varios a\u00f1os la comisi\u00f3n del barrio Almirante Brown propuso plantar \u00e1rboles frutales en las veredas de la zona, pero no prospero. A trav\u00e9s de la capacitaci\u00f3n sobre la importancia, usos y formas de reconocimiento de \u00e1rboles frutales a cargo de la Ingeniera forestal Violeta \u00c1lvarez, este proyecto podr\u00eda re surgir.<\/p>\n\n\n\n<figure class=\"wp-block-image size-large\"><img loading=\"lazy\" decoding=\"async\" width=\"1024\" height=\"1024\" src=\"https:\/\/actualizateiguazu.com\/v3\/wp-content\/uploads\/2022\/05\/WhatsApp-Image-2022-05-23-at-11.07.58-AM-1024x1024.jpeg\" alt=\"\" class=\"wp-image-28022\" srcset=\"https:\/\/actualizateiguazu.com\/v3\/wp-content\/uploads\/2022\/05\/WhatsApp-Image-2022-05-23-at-11.07.58-AM-1024x1024.jpeg 1024w, https:\/\/actualizateiguazu.com\/v3\/wp-content\/uploads\/2022\/05\/WhatsApp-Image-2022-05-23-at-11.07.58-AM-300x300.jpeg 300w, https:\/\/actualizateiguazu.com\/v3\/wp-content\/uploads\/2022\/05\/WhatsApp-Image-2022-05-23-at-11.07.58-AM-150x150.jpeg 150w, https:\/\/actualizateiguazu.com\/v3\/wp-content\/uploads\/2022\/05\/WhatsApp-Image-2022-05-23-at-11.07.58-AM-768x768.jpeg 768w, https:\/\/actualizateiguazu.com\/v3\/wp-content\/uploads\/2022\/05\/WhatsApp-Image-2022-05-23-at-11.07.58-AM.jpeg 1080w\" sizes=\"auto, (max-width: 1024px) 100vw, 1024px\" \/><\/figure>\n\n\n\n<p>En tanto tambi\u00e9n se brindar\u00e1 una charla sobre orqu\u00eddeas nativas, sus principales caracter\u00edsticas y forma de propagaci\u00f3n, a cargo de Leandro Mart\u00ednez especialista en orqu\u00eddeas. Estas capacitaciones tendr\u00e1n lugar en el auditorio del Instituto Misionero de Biodiversidad, el pr\u00f3ximo jueves 26 de mayo a las 9 de la ma\u00f1ana.<\/p>\n\n\n\n<p>Formulario de inscripci\u00f3n: <a href=\"https:\/\/docs.google.com\/forms\/d\/e\/1FAIpQLScZ7fr520BJ42VWSOKvbpo-axcSqwVk2AutYxEJw2LJ8uQMMw\/viewform\">https:\/\/docs.google.com\/forms\/d\/e\/1FAIpQLScZ7fr520BJ42VWSOKvbpo-axcSqwVk2AutYxEJw2LJ8uQMMw\/viewform<\/a><\/p>\n","protected":false},"excerpt":{"rendered":"<p>En el marco de la semana de la Biodiversidad, el Instituto Misionero de Biodiversidad los<\/p>\n","protected":false},"author":1,"featured_media":28021,"comment_status":"open","ping_status":"open","sticky":false,"template":"","format":"standard","meta":{"footnotes":""},"categories":[1,226],"tags":[],"class_list":["post-28020","post","type-post","status-publish","format-standard","has-post-thumbnail","hentry","category-actualidad","category-locales"],"_links":{"self":[{"href":"https:\/\/actualizateiguazu.com\/v3\/wp-json\/wp\/v2\/posts\/28020","targetHints":{"allow":["GET"]}}],"collection":[{"href":"https:\/\/actualizateiguazu.com\/v3\/wp-json\/wp\/v2\/posts"}],"about":[{"href":"https:\/\/actualizateiguazu.com\/v3\/wp-json\/wp\/v2\/types\/post"}],"author":[{"embeddable":true,"href":"https:\/\/actualizateiguazu.com\/v3\/wp-json\/wp\/v2\/users\/1"}],"replies":[{"embeddable":true,"href":"https:\/\/actualizateiguazu.com\/v3\/wp-json\/wp\/v2\/comments?post=28020"}],"version-history":[{"count":1,"href":"https:\/\/actualizateiguazu.com\/v3\/wp-json\/wp\/v2\/posts\/28020\/revisions"}],"predecessor-version":[{"id":28023,"href":"https:\/\/actualizateiguazu.com\/v3\/wp-json\/wp\/v2\/posts\/28020\/revisions\/28023"}],"wp:featuredmedia":[{"embeddable":true,"href":"https:\/\/actualizateiguazu.com\/v3\/wp-json\/wp\/v2\/media\/28021"}],"wp:attachment":[{"href":"https:\/\/actualizateiguazu.com\/v3\/wp-json\/wp\/v2\/media?parent=28020"}],"wp:term":[{"taxonomy":"category","embeddable":true,"href":"https:\/\/actualizateiguazu.com\/v3\/wp-json\/wp\/v2\/categories?post=28020"},{"taxonomy":"post_tag","embeddable":true,"href":"https:\/\/actualizateiguazu.com\/v3\/wp-json\/wp\/v2\/tags?post=28020"}],"curies":[{"name":"wp","href":"https:\/\/api.w.org\/{rel}","templated":true}]}}