{"id":28027,"date":"2022-05-23T23:13:59","date_gmt":"2022-05-23T23:13:59","guid":{"rendered":"https:\/\/actualizateiguazu.com\/v3\/?p=28027"},"modified":"2022-05-23T23:14:01","modified_gmt":"2022-05-23T23:14:01","slug":"el-gobernador-consiguio-financiacion-para-la-remodelacion-de-la-estacion-transformadora-de-iguazu","status":"publish","type":"post","link":"https:\/\/actualizateiguazu.com\/v3\/2022\/05\/23\/el-gobernador-consiguio-financiacion-para-la-remodelacion-de-la-estacion-transformadora-de-iguazu\/","title":{"rendered":"El gobernador consigui\u00f3 financiaci\u00f3n para la remodelaci\u00f3n de la estaci\u00f3n transformadora de Iguaz\u00fa\u00a0"},"content":{"rendered":"\n<p>En Buenos Aires, en la sede de la Secretar\u00eda de Energ\u00eda de la Naci\u00f3n, el Gobernador de Misiones, Oscar Herrera Ahuad, y el Secretario de Energ\u00eda de la Naci\u00f3n, Dar\u00edo Mart\u00ednez, rubricaron el convenio espec\u00edfico para la obra \u201cRemodelaci\u00f3n de la Estaci\u00f3n Transformadora (ET) Iguaz\u00fa 132\/33\/13,2 kv\u201d que duplicar\u00e1 la energ\u00eda disponible en Puerto Iguaz\u00fa.<\/p>\n\n\n\n<p>Durante esta tarde, el gobernador Oscar Herrera Ahuad, firm\u00f3 un Convenio Espec\u00edfico entre, la provincia, el Secretario de Energ\u00eda de Naci\u00f3n, Dar\u00edo Mart\u00ednez, y la secretaria de Provincias del Ministerio del Interior de la Naci\u00f3n, Silvina Batakis, para la realizaci\u00f3n de la obra que se llevar\u00e1 a cabo en la ciudad de Puerto Iguaz\u00fa.&nbsp;<\/p>\n\n\n\n<p>Como consecuencia, comenzar\u00e1n a llegar los desembolsos permitiendo que <strong>se inicie la etapa de ejecuci\u00f3n de la remodelaci\u00f3n de la Estaci\u00f3n Transformadora de 132kV que repotenciar\u00e1 la ciudad de Puerto Iguaz\u00fa y sus \u00e1reas circundantes, aumentar\u00e1 la seguridad, confiabilidad y calidad del suministro el\u00e9ctrico en la zona<\/strong>.<\/p>\n\n\n\n<figure class=\"wp-block-image size-full\"><img loading=\"lazy\" decoding=\"async\" width=\"1024\" height=\"768\" src=\"https:\/\/actualizateiguazu.com\/v3\/wp-content\/uploads\/2022\/05\/3-Gobernador-Estacion.jpg\" alt=\"\" class=\"wp-image-28028\" srcset=\"https:\/\/actualizateiguazu.com\/v3\/wp-content\/uploads\/2022\/05\/3-Gobernador-Estacion.jpg 1024w, https:\/\/actualizateiguazu.com\/v3\/wp-content\/uploads\/2022\/05\/3-Gobernador-Estacion-300x225.jpg 300w, https:\/\/actualizateiguazu.com\/v3\/wp-content\/uploads\/2022\/05\/3-Gobernador-Estacion-768x576.jpg 768w, https:\/\/actualizateiguazu.com\/v3\/wp-content\/uploads\/2022\/05\/3-Gobernador-Estacion-720x540.jpg 720w\" sizes=\"auto, (max-width: 1024px) 100vw, 1024px\" \/><\/figure>\n\n\n\n<p>Por su parte, la construcci\u00f3n del tendido doble terna 33\/13,2 kV conectar\u00e1 a la nueva Estaci\u00f3n Transformadora con la Subestaci\u00f3n Cruce Cataratas y mejorar\u00e1 la alimentaci\u00f3n el\u00e9ctrica de los centros de consumo, mayormente tur\u00edsticos, que se ubican sobre la Ruta Nacional N\u00b012. <strong>Esta obra tiene como objetivo mejorar la calidad de vida de los habitantes que residen en la regi\u00f3n norte de la provincia, espec\u00edficamente en Puerto Iguaz\u00fa.<\/strong>&nbsp;<\/p>\n\n\n\n<p>Permitir\u00e1 brindar el recurso energ\u00e9tico necesario para el desarrollo industrial y comercial; mejorando la continuidad y confiabilidad de la distribuci\u00f3n y el transporte de energ\u00eda el\u00e9ctrica, resultando beneficiados alrededor de 62.500 habitantes.&nbsp;<\/p>\n\n\n\n<p><strong>La concreci\u00f3n del acuerdo fue fruto del trabajo en conjunto de los equipos de la Secretar\u00eda de Energ\u00eda de Misiones, Energ\u00eda de Misiones S.A y la Secretar\u00eda de Energ\u00eda de Naci\u00f3n.<\/strong><\/p>\n\n\n\n<p><strong>Acompa\u00f1aron tambi\u00e9n al Gobernador durante la r\u00fabrica del acuerdo<\/strong>, el ministro de Energ\u00eda de Misiones, Paolo Quintana; el ministro Coordinador de Gabinete, Ricardo Wellbach y la presidenta de Energ\u00eda de Misiones, Virginia Kluka.<\/p>\n","protected":false},"excerpt":{"rendered":"<p>En Buenos Aires, en la sede de la Secretar\u00eda de Energ\u00eda de la Naci\u00f3n, el<\/p>\n","protected":false},"author":1,"featured_media":28029,"comment_status":"open","ping_status":"open","sticky":false,"template":"","format":"standard","meta":{"footnotes":""},"categories":[1,226],"tags":[],"class_list":["post-28027","post","type-post","status-publish","format-standard","has-post-thumbnail","hentry","category-actualidad","category-locales"],"_links":{"self":[{"href":"https:\/\/actualizateiguazu.com\/v3\/wp-json\/wp\/v2\/posts\/28027","targetHints":{"allow":["GET"]}}],"collection":[{"href":"https:\/\/actualizateiguazu.com\/v3\/wp-json\/wp\/v2\/posts"}],"about":[{"href":"https:\/\/actualizateiguazu.com\/v3\/wp-json\/wp\/v2\/types\/post"}],"author":[{"embeddable":true,"href":"https:\/\/actualizateiguazu.com\/v3\/wp-json\/wp\/v2\/users\/1"}],"replies":[{"embeddable":true,"href":"https:\/\/actualizateiguazu.com\/v3\/wp-json\/wp\/v2\/comments?post=28027"}],"version-history":[{"count":1,"href":"https:\/\/actualizateiguazu.com\/v3\/wp-json\/wp\/v2\/posts\/28027\/revisions"}],"predecessor-version":[{"id":28030,"href":"https:\/\/actualizateiguazu.com\/v3\/wp-json\/wp\/v2\/posts\/28027\/revisions\/28030"}],"wp:featuredmedia":[{"embeddable":true,"href":"https:\/\/actualizateiguazu.com\/v3\/wp-json\/wp\/v2\/media\/28029"}],"wp:attachment":[{"href":"https:\/\/actualizateiguazu.com\/v3\/wp-json\/wp\/v2\/media?parent=28027"}],"wp:term":[{"taxonomy":"category","embeddable":true,"href":"https:\/\/actualizateiguazu.com\/v3\/wp-json\/wp\/v2\/categories?post=28027"},{"taxonomy":"post_tag","embeddable":true,"href":"https:\/\/actualizateiguazu.com\/v3\/wp-json\/wp\/v2\/tags?post=28027"}],"curies":[{"name":"wp","href":"https:\/\/api.w.org\/{rel}","templated":true}]}}