{"id":28042,"date":"2022-05-24T11:43:14","date_gmt":"2022-05-24T11:43:14","guid":{"rendered":"https:\/\/actualizateiguazu.com\/v3\/?p=28042"},"modified":"2022-05-24T12:10:43","modified_gmt":"2022-05-24T12:10:43","slug":"fallecio-un-hombre-en-un-accidente-sobre-la-ruta-nacional-12","status":"publish","type":"post","link":"https:\/\/actualizateiguazu.com\/v3\/2022\/05\/24\/fallecio-un-hombre-en-un-accidente-sobre-la-ruta-nacional-12\/","title":{"rendered":"Falleci\u00f3 un hombre en un accidente sobre la Ruta Nacional 12"},"content":{"rendered":"\n<p>Un hombre que a\u00fan identificado como Laureano Alvarez, falleci\u00f3 hoy al kil\u00f3metro 1560 de la ruta en la localidad de Mado, cuando manejaba un veh\u00edculo Fiat Siena, el cual colision\u00f3 contra un cami\u00f3n Mercedez Benz Axor al mando de un hombre de 49, quien result\u00f3 sin lesiones.<\/p>\n\n\n\n<p>Seg\u00fan los datos preliminares, cerca de las 5:30 horas de hoy, el rodado menor circulaba en sentido sur-norte y por causas que se investigan, choc\u00f3 con un cami\u00f3n y a ra\u00edz de ello la v\u00edctima qued\u00f3 atrapado en el habit\u00e1culo sin signos vitales.<\/p>\n\n\n\n<figure class=\"wp-block-image size-large\"><img loading=\"lazy\" decoding=\"async\" width=\"1024\" height=\"461\" src=\"https:\/\/actualizateiguazu.com\/v3\/wp-content\/uploads\/2022\/05\/IMG-20220524-WA0028-1024x461.jpg\" alt=\"\" class=\"wp-image-28044\" srcset=\"https:\/\/actualizateiguazu.com\/v3\/wp-content\/uploads\/2022\/05\/IMG-20220524-WA0028-1024x461.jpg 1024w, https:\/\/actualizateiguazu.com\/v3\/wp-content\/uploads\/2022\/05\/IMG-20220524-WA0028-300x135.jpg 300w, https:\/\/actualizateiguazu.com\/v3\/wp-content\/uploads\/2022\/05\/IMG-20220524-WA0028-768x346.jpg 768w, https:\/\/actualizateiguazu.com\/v3\/wp-content\/uploads\/2022\/05\/IMG-20220524-WA0028-1536x691.jpg 1536w, https:\/\/actualizateiguazu.com\/v3\/wp-content\/uploads\/2022\/05\/IMG-20220524-WA0028.jpg 1600w\" sizes=\"auto, (max-width: 1024px) 100vw, 1024px\" \/><\/figure>\n\n\n\n<p>Por estas horas el fallecido fue sacado del interior del autom\u00f3vil, en el lugar trabajaron; Vialidad UR-III, la Divisi\u00f3n Polic\u00eda Cient\u00edfica, el m\u00e9dico Policial, Bioqu\u00edmico, Gendarmer\u00eda Nacional Argentina, de la Divisi\u00f3n de Bomberos Voluntario Eldorado y de la empresa Corredores Viales S.A.<\/p>\n\n\n\n<p><em>AMPLIAREMOS<\/em><\/p>\n","protected":false},"excerpt":{"rendered":"<p>Un hombre que a\u00fan identificado como Laureano Alvarez, falleci\u00f3 hoy al kil\u00f3metro 1560 de la<\/p>\n","protected":false},"author":1,"featured_media":28043,"comment_status":"open","ping_status":"open","sticky":false,"template":"","format":"standard","meta":{"footnotes":""},"categories":[1],"tags":[],"class_list":["post-28042","post","type-post","status-publish","format-standard","has-post-thumbnail","hentry","category-actualidad"],"_links":{"self":[{"href":"https:\/\/actualizateiguazu.com\/v3\/wp-json\/wp\/v2\/posts\/28042","targetHints":{"allow":["GET"]}}],"collection":[{"href":"https:\/\/actualizateiguazu.com\/v3\/wp-json\/wp\/v2\/posts"}],"about":[{"href":"https:\/\/actualizateiguazu.com\/v3\/wp-json\/wp\/v2\/types\/post"}],"author":[{"embeddable":true,"href":"https:\/\/actualizateiguazu.com\/v3\/wp-json\/wp\/v2\/users\/1"}],"replies":[{"embeddable":true,"href":"https:\/\/actualizateiguazu.com\/v3\/wp-json\/wp\/v2\/comments?post=28042"}],"version-history":[{"count":2,"href":"https:\/\/actualizateiguazu.com\/v3\/wp-json\/wp\/v2\/posts\/28042\/revisions"}],"predecessor-version":[{"id":28046,"href":"https:\/\/actualizateiguazu.com\/v3\/wp-json\/wp\/v2\/posts\/28042\/revisions\/28046"}],"wp:featuredmedia":[{"embeddable":true,"href":"https:\/\/actualizateiguazu.com\/v3\/wp-json\/wp\/v2\/media\/28043"}],"wp:attachment":[{"href":"https:\/\/actualizateiguazu.com\/v3\/wp-json\/wp\/v2\/media?parent=28042"}],"wp:term":[{"taxonomy":"category","embeddable":true,"href":"https:\/\/actualizateiguazu.com\/v3\/wp-json\/wp\/v2\/categories?post=28042"},{"taxonomy":"post_tag","embeddable":true,"href":"https:\/\/actualizateiguazu.com\/v3\/wp-json\/wp\/v2\/tags?post=28042"}],"curies":[{"name":"wp","href":"https:\/\/api.w.org\/{rel}","templated":true}]}}