{"id":28050,"date":"2022-05-24T19:39:32","date_gmt":"2022-05-24T19:39:32","guid":{"rendered":"https:\/\/actualizateiguazu.com\/v3\/?p=28050"},"modified":"2022-05-24T19:40:28","modified_gmt":"2022-05-24T19:40:28","slug":"herrera-ahuad-superviso-obras-y-puso-en-funciones-al-nuevo-ingeniero-de-imas","status":"publish","type":"post","link":"https:\/\/actualizateiguazu.com\/v3\/2022\/05\/24\/herrera-ahuad-superviso-obras-y-puso-en-funciones-al-nuevo-ingeniero-de-imas\/","title":{"rendered":"Herrera Ahuad supervis\u00f3 obras y puso en funciones al nuevo ingeniero de IMAS"},"content":{"rendered":"\n<p>El gobernador Oscar Herrera Ahuad arrib\u00f3 a Puerto Iguaz\u00fa al mediod\u00eda del martes para recorrer obras y poner en funcionamiento a Eduardo Brunner quien se har\u00e1 cargo de la parte el\u00e9ctrica de la planta potabilizadora y as\u00ed optimizar el servicio que brinda IMAS en la ciudad de Las Cataratas. Por la tarde recorri\u00f3 las obras que lleva adelante Vialidad provincial y acompa\u00f1o la entrega de un t\u00edtulo de propiedad en zona de granjas.<\/p>\n\n\n\n<p>Como primera actividad el primer mandatario, en un sencillo acto que acompa\u00f1\u00f3 el titular del IMAS, Joaqu\u00edn S\u00e1nchez, en la puesta en funciones del ingeniero el\u00e9ctrico Eduardo Brunner que se suma al equipo de trabajo para reforzar el trabajo de mejoramiento del servicio en un \u00e1mbito que se encentraba sin profesionales. Herrera Ahuad aclar\u00f3 que la puesta en funciones del Ingeniero Brunner viene a acompa\u00f1ar la inversi\u00f3n en obras de infraestructura que se est\u00e1n llevando adelante para ampliar la producci\u00f3n y distribuci\u00f3n de agua potable en los barrios de la ciudad de las Cataratas.<\/p>\n\n\n\n<figure class=\"wp-block-image size-large\"><img loading=\"lazy\" decoding=\"async\" width=\"1024\" height=\"737\" src=\"https:\/\/actualizateiguazu.com\/v3\/wp-content\/uploads\/2022\/05\/IMG_20220524_121515577_HDR-1024x737.jpg\" alt=\"\" class=\"wp-image-28054\" srcset=\"https:\/\/actualizateiguazu.com\/v3\/wp-content\/uploads\/2022\/05\/IMG_20220524_121515577_HDR-1024x737.jpg 1024w, https:\/\/actualizateiguazu.com\/v3\/wp-content\/uploads\/2022\/05\/IMG_20220524_121515577_HDR-300x216.jpg 300w, https:\/\/actualizateiguazu.com\/v3\/wp-content\/uploads\/2022\/05\/IMG_20220524_121515577_HDR-768x553.jpg 768w, https:\/\/actualizateiguazu.com\/v3\/wp-content\/uploads\/2022\/05\/IMG_20220524_121515577_HDR-1536x1106.jpg 1536w, https:\/\/actualizateiguazu.com\/v3\/wp-content\/uploads\/2022\/05\/IMG_20220524_121515577_HDR-2048x1474.jpg 2048w\" sizes=\"auto, (max-width: 1024px) 100vw, 1024px\" \/><\/figure>\n\n\n\n<p>\u00abVenimos a poner en funciones al Ingeniero Brunner que ya se desempe\u00f1aba en el FANIOTI y viene a hacerse cargo de la parte el\u00e9ctrica de la planta para acompa\u00f1ar la puesta en funcionamiento las obras y a portar sus conocimientos respecto a la parte que hasta el momento no contaba el IMAS, se trata de una inversi\u00f3n en recursos humanos\u00bb. Asimismo recalco que contin\u00faan trabajando en la b\u00fasqueda de personal calificado para ampliar el equipo de trabajo<\/p>\n\n\n\n<p>Luego de la puesta en funciones el ingeniero que ingresa al equipo de trabajo vigente, el gobernador mantuvo una reuni\u00f3n con ellos para delinear los trabajos inmediatos para mejorar la distribuci\u00f3n de agua potable con la puesta en marcha de planes de trabajo en las redes del sector norte de la ciudad.<\/p>\n\n\n\n<p>M\u00e1s tarde junto a Sebasti\u00e1n Mac\u00edas de Vialidad provincial, la comitiva recorri\u00f3 una serie de obras que se llevan adelante, comenz\u00f3 con la obra de puesta en valor de la avenida Brasil que se pretende inaugurarla a fin de a\u00f1o, \u201cNo pudimos completar la obra en el tiempo que ten\u00edamos previstos porque encontramos muchos problemas de infraestructura, pod\u00edamos maquillar la avenida y mejorarla a la vista, pero buscamos que la obra perdure en el tiempo justamente con base estructural\u201d recalc\u00f3 Herrera.<\/p>\n\n\n\n<figure class=\"wp-block-image size-large\"><img loading=\"lazy\" decoding=\"async\" width=\"1024\" height=\"768\" src=\"https:\/\/actualizateiguazu.com\/v3\/wp-content\/uploads\/2022\/05\/IMG_20220524_143018347_HDR-1024x768.jpg\" alt=\"\" class=\"wp-image-28052\" srcset=\"https:\/\/actualizateiguazu.com\/v3\/wp-content\/uploads\/2022\/05\/IMG_20220524_143018347_HDR-1024x768.jpg 1024w, https:\/\/actualizateiguazu.com\/v3\/wp-content\/uploads\/2022\/05\/IMG_20220524_143018347_HDR-300x225.jpg 300w, https:\/\/actualizateiguazu.com\/v3\/wp-content\/uploads\/2022\/05\/IMG_20220524_143018347_HDR-768x576.jpg 768w, https:\/\/actualizateiguazu.com\/v3\/wp-content\/uploads\/2022\/05\/IMG_20220524_143018347_HDR-1536x1152.jpg 1536w, https:\/\/actualizateiguazu.com\/v3\/wp-content\/uploads\/2022\/05\/IMG_20220524_143018347_HDR-2048x1536.jpg 2048w, https:\/\/actualizateiguazu.com\/v3\/wp-content\/uploads\/2022\/05\/IMG_20220524_143018347_HDR-720x540.jpg 720w\" sizes=\"auto, (max-width: 1024px) 100vw, 1024px\" \/><\/figure>\n\n\n\n<p>M\u00e1s tarde, se trasladaron a la avenida Rep\u00fablica Argentina donde el primer mandatario reviso los planos y pidi\u00f3 que se incluyan obras viales en la avenida Juan Pablo II y avenida Almafuerte, volvi\u00f3 a insistir en la necesidad de organizar la ciudad con calles mano \u00fanica, adem\u00e1s de proyectar una soluci\u00f3n definitiva al sector conocido como la rotonda de Junco donde se unen varias calles con la avenida Ant\u00e1rtida Argentina y calle Vera Pe\u00f1aloza.<\/p>\n\n\n\n<p>Acto seguido se traslad\u00f3 a avenida Libertad donde se realiza una obra vial que permitir\u00e1 mejorar el ingreso hacia el instituto Nacional de Medicina Tropical que ser\u00eda inaugurado en dos meses. &nbsp;Por \u00faltimo se dirigi\u00f3 a la plaza de acceso donde ya vialidad provincial instalo el cartel de acceso y trabaja en el acceso que estar\u00eda listo en dos meses.<\/p>\n","protected":false},"excerpt":{"rendered":"<p>El gobernador Oscar Herrera Ahuad arrib\u00f3 a Puerto Iguaz\u00fa al mediod\u00eda del martes para recorrer<\/p>\n","protected":false},"author":1,"featured_media":28051,"comment_status":"open","ping_status":"open","sticky":false,"template":"","format":"standard","meta":{"footnotes":""},"categories":[1,226],"tags":[],"class_list":["post-28050","post","type-post","status-publish","format-standard","has-post-thumbnail","hentry","category-actualidad","category-locales"],"_links":{"self":[{"href":"https:\/\/actualizateiguazu.com\/v3\/wp-json\/wp\/v2\/posts\/28050","targetHints":{"allow":["GET"]}}],"collection":[{"href":"https:\/\/actualizateiguazu.com\/v3\/wp-json\/wp\/v2\/posts"}],"about":[{"href":"https:\/\/actualizateiguazu.com\/v3\/wp-json\/wp\/v2\/types\/post"}],"author":[{"embeddable":true,"href":"https:\/\/actualizateiguazu.com\/v3\/wp-json\/wp\/v2\/users\/1"}],"replies":[{"embeddable":true,"href":"https:\/\/actualizateiguazu.com\/v3\/wp-json\/wp\/v2\/comments?post=28050"}],"version-history":[{"count":2,"href":"https:\/\/actualizateiguazu.com\/v3\/wp-json\/wp\/v2\/posts\/28050\/revisions"}],"predecessor-version":[{"id":28056,"href":"https:\/\/actualizateiguazu.com\/v3\/wp-json\/wp\/v2\/posts\/28050\/revisions\/28056"}],"wp:featuredmedia":[{"embeddable":true,"href":"https:\/\/actualizateiguazu.com\/v3\/wp-json\/wp\/v2\/media\/28051"}],"wp:attachment":[{"href":"https:\/\/actualizateiguazu.com\/v3\/wp-json\/wp\/v2\/media?parent=28050"}],"wp:term":[{"taxonomy":"category","embeddable":true,"href":"https:\/\/actualizateiguazu.com\/v3\/wp-json\/wp\/v2\/categories?post=28050"},{"taxonomy":"post_tag","embeddable":true,"href":"https:\/\/actualizateiguazu.com\/v3\/wp-json\/wp\/v2\/tags?post=28050"}],"curies":[{"name":"wp","href":"https:\/\/api.w.org\/{rel}","templated":true}]}}