{"id":28066,"date":"2022-05-25T17:51:47","date_gmt":"2022-05-25T17:51:47","guid":{"rendered":"https:\/\/actualizateiguazu.com\/v3\/?p=28066"},"modified":"2022-05-25T17:51:50","modified_gmt":"2022-05-25T17:51:50","slug":"con-un-emotivo-homenaje-al-personal-de-salud-volvio-el-desfile-civico-militar-a-iguazu","status":"publish","type":"post","link":"https:\/\/actualizateiguazu.com\/v3\/2022\/05\/25\/con-un-emotivo-homenaje-al-personal-de-salud-volvio-el-desfile-civico-militar-a-iguazu\/","title":{"rendered":"Con un emotivo homenaje al personal de salud volvi\u00f3 el desfile C\u00edvico Militar a Iguaz\u00fa"},"content":{"rendered":"\n<p>Tras tres a\u00f1os, en Iguaz\u00fa volvi\u00f3 a celebrarse el d\u00eda de la patria con un acto p\u00fablico al que asistieron miles de Iguazuenses con la vuelta del desfile C\u00edvico Militar tras tres a\u00f1os. La usual celebraci\u00f3n conto con la presencia del Ej\u00e9rcito Argentino que ofreci\u00f3 su tradicional chocolatada para todos los\u00a0 alumnos que arribaban al punto de encuentro para la formaci\u00f3n del desfile. El obispo Monse\u00f1or Nicolas Baisi presidio el Tedeum y m\u00e1s tarde bajo las \u00f3rdenes del Coronel Eduardo C\u00e9sar Ver\u00f3n Rodr\u00edguez, al frente de la agrupaci\u00f3n 25 de Mayo se dio inicio al desfile C\u00edvico Militar.<\/p>\n\n\n\n<figure class=\"wp-block-image size-large\"><img loading=\"lazy\" decoding=\"async\" width=\"1024\" height=\"768\" src=\"https:\/\/actualizateiguazu.com\/v3\/wp-content\/uploads\/2022\/05\/IMG_20220525_085708233-1024x768.jpg\" alt=\"\" class=\"wp-image-28068\" srcset=\"https:\/\/actualizateiguazu.com\/v3\/wp-content\/uploads\/2022\/05\/IMG_20220525_085708233-1024x768.jpg 1024w, https:\/\/actualizateiguazu.com\/v3\/wp-content\/uploads\/2022\/05\/IMG_20220525_085708233-300x225.jpg 300w, https:\/\/actualizateiguazu.com\/v3\/wp-content\/uploads\/2022\/05\/IMG_20220525_085708233-768x576.jpg 768w, https:\/\/actualizateiguazu.com\/v3\/wp-content\/uploads\/2022\/05\/IMG_20220525_085708233-1536x1152.jpg 1536w, https:\/\/actualizateiguazu.com\/v3\/wp-content\/uploads\/2022\/05\/IMG_20220525_085708233-2048x1536.jpg 2048w, https:\/\/actualizateiguazu.com\/v3\/wp-content\/uploads\/2022\/05\/IMG_20220525_085708233-720x540.jpg 720w\" sizes=\"auto, (max-width: 1024px) 100vw, 1024px\" \/><\/figure>\n\n\n\n<p>Ante la Mirada atenta de los presentes se dio inicio al acto de celebraci\u00f3n del 25 de Mayo, donde el Intendente Claudio Filippa dirigi\u00f3 unas palabras a los presentes resaltando la importancia a de volver a tener la oportunidad tras la pandemia de volver a celebrar el d\u00eda de la patria, en sus palabras resalto el acompa\u00f1amiento del gobierno provincial para salir de la dura crisis que enfrent\u00f3 el pueblo Iguazuense tras el cierre del turismo.<\/p>\n\n\n\n<figure class=\"wp-block-image size-large\"><img loading=\"lazy\" decoding=\"async\" width=\"1024\" height=\"768\" src=\"https:\/\/actualizateiguazu.com\/v3\/wp-content\/uploads\/2022\/05\/IMG_20220525_094041352_HDR-1024x768.jpg\" alt=\"\" class=\"wp-image-28069\" srcset=\"https:\/\/actualizateiguazu.com\/v3\/wp-content\/uploads\/2022\/05\/IMG_20220525_094041352_HDR-1024x768.jpg 1024w, https:\/\/actualizateiguazu.com\/v3\/wp-content\/uploads\/2022\/05\/IMG_20220525_094041352_HDR-300x225.jpg 300w, https:\/\/actualizateiguazu.com\/v3\/wp-content\/uploads\/2022\/05\/IMG_20220525_094041352_HDR-768x576.jpg 768w, https:\/\/actualizateiguazu.com\/v3\/wp-content\/uploads\/2022\/05\/IMG_20220525_094041352_HDR-1536x1152.jpg 1536w, https:\/\/actualizateiguazu.com\/v3\/wp-content\/uploads\/2022\/05\/IMG_20220525_094041352_HDR-2048x1536.jpg 2048w, https:\/\/actualizateiguazu.com\/v3\/wp-content\/uploads\/2022\/05\/IMG_20220525_094041352_HDR-720x540.jpg 720w\" sizes=\"auto, (max-width: 1024px) 100vw, 1024px\" \/><\/figure>\n\n\n\n<p>M\u00e1s tarde el instituto de educaci\u00f3n Especial Esperanza, fue la encargada de abrir el desfile. Luego los dem\u00e1s establecimientos educativos continuaron la actividad cada una mostrando sus aptitudes. Acto seguido se dio lugar a las fuerzas de seguridad que realizaron un gran despliegue con los m\u00f3viles y la exposici\u00f3n de sus armas.<\/p>\n\n\n\n<figure class=\"wp-block-image size-large\"><img loading=\"lazy\" decoding=\"async\" width=\"1024\" height=\"768\" src=\"https:\/\/actualizateiguazu.com\/v3\/wp-content\/uploads\/2022\/05\/IMG_20220525_105732618_HDR-1024x768.jpg\" alt=\"\" class=\"wp-image-28070\" srcset=\"https:\/\/actualizateiguazu.com\/v3\/wp-content\/uploads\/2022\/05\/IMG_20220525_105732618_HDR-1024x768.jpg 1024w, https:\/\/actualizateiguazu.com\/v3\/wp-content\/uploads\/2022\/05\/IMG_20220525_105732618_HDR-300x225.jpg 300w, https:\/\/actualizateiguazu.com\/v3\/wp-content\/uploads\/2022\/05\/IMG_20220525_105732618_HDR-768x576.jpg 768w, https:\/\/actualizateiguazu.com\/v3\/wp-content\/uploads\/2022\/05\/IMG_20220525_105732618_HDR-1536x1152.jpg 1536w, https:\/\/actualizateiguazu.com\/v3\/wp-content\/uploads\/2022\/05\/IMG_20220525_105732618_HDR-2048x1536.jpg 2048w, https:\/\/actualizateiguazu.com\/v3\/wp-content\/uploads\/2022\/05\/IMG_20220525_105732618_HDR-720x540.jpg 720w\" sizes=\"auto, (max-width: 1024px) 100vw, 1024px\" \/><\/figure>\n\n\n\n<p>Despu\u00e9s fue el turno de los bomberos voluntarios que presentaron el premio del bono colaboraci\u00f3n que sortea el pr\u00f3ximo 10 de junio y mostraron a la comunidad todos los m\u00f3viles que han logrado adquirir gracias a la colaboraci\u00f3n de los vecinos que adquieren el bono a\u00f1o a a\u00f1o.<\/p>\n\n\n\n<figure class=\"wp-block-image size-large\"><img loading=\"lazy\" decoding=\"async\" width=\"1024\" height=\"768\" src=\"https:\/\/actualizateiguazu.com\/v3\/wp-content\/uploads\/2022\/05\/IMG_20220525_110609199-1024x768.jpg\" alt=\"\" class=\"wp-image-28071\" srcset=\"https:\/\/actualizateiguazu.com\/v3\/wp-content\/uploads\/2022\/05\/IMG_20220525_110609199-1024x768.jpg 1024w, https:\/\/actualizateiguazu.com\/v3\/wp-content\/uploads\/2022\/05\/IMG_20220525_110609199-300x225.jpg 300w, https:\/\/actualizateiguazu.com\/v3\/wp-content\/uploads\/2022\/05\/IMG_20220525_110609199-768x576.jpg 768w, https:\/\/actualizateiguazu.com\/v3\/wp-content\/uploads\/2022\/05\/IMG_20220525_110609199-1536x1152.jpg 1536w, https:\/\/actualizateiguazu.com\/v3\/wp-content\/uploads\/2022\/05\/IMG_20220525_110609199-2048x1536.jpg 2048w, https:\/\/actualizateiguazu.com\/v3\/wp-content\/uploads\/2022\/05\/IMG_20220525_110609199-720x540.jpg 720w\" sizes=\"auto, (max-width: 1024px) 100vw, 1024px\" \/><\/figure>\n\n\n\n<p>Uno de los momentos m\u00e1s emotivos se dio cuando ingresaron a la avenida el personal de salud, quienes fueron homenajeados y aplaudidos por toda la comunidad en se\u00f1al de agradecimiento por su dedicaci\u00f3n en estos a\u00f1os de pandemia. La comunidad rindi\u00f3 un especial homenaje al Dr. Cavagnaro, pediatra y medido forense que no logro vencer al covid-19.<\/p>\n\n\n\n<figure class=\"wp-block-image size-large\"><img loading=\"lazy\" decoding=\"async\" width=\"1024\" height=\"768\" src=\"https:\/\/actualizateiguazu.com\/v3\/wp-content\/uploads\/2022\/05\/IMG_20220525_110508916-1024x768.jpg\" alt=\"\" class=\"wp-image-28073\" srcset=\"https:\/\/actualizateiguazu.com\/v3\/wp-content\/uploads\/2022\/05\/IMG_20220525_110508916-1024x768.jpg 1024w, https:\/\/actualizateiguazu.com\/v3\/wp-content\/uploads\/2022\/05\/IMG_20220525_110508916-300x225.jpg 300w, https:\/\/actualizateiguazu.com\/v3\/wp-content\/uploads\/2022\/05\/IMG_20220525_110508916-768x576.jpg 768w, https:\/\/actualizateiguazu.com\/v3\/wp-content\/uploads\/2022\/05\/IMG_20220525_110508916-1536x1152.jpg 1536w, https:\/\/actualizateiguazu.com\/v3\/wp-content\/uploads\/2022\/05\/IMG_20220525_110508916-2048x1536.jpg 2048w, https:\/\/actualizateiguazu.com\/v3\/wp-content\/uploads\/2022\/05\/IMG_20220525_110508916-720x540.jpg 720w\" sizes=\"auto, (max-width: 1024px) 100vw, 1024px\" \/><\/figure>\n\n\n\n<p>Como cierre del desfile las escuelas de deportes y asociaciones hicieron su demostraci\u00f3n y recorrieron la avenida levantando la bandera del deporte.<\/p>\n","protected":false},"excerpt":{"rendered":"<p>Tras tres a\u00f1os, en Iguaz\u00fa volvi\u00f3 a celebrarse el d\u00eda de la patria con un<\/p>\n","protected":false},"author":1,"featured_media":28067,"comment_status":"open","ping_status":"open","sticky":false,"template":"","format":"standard","meta":{"footnotes":""},"categories":[1,226,232],"tags":[],"class_list":["post-28066","post","type-post","status-publish","format-standard","has-post-thumbnail","hentry","category-actualidad","category-locales","category-sociedad"],"_links":{"self":[{"href":"https:\/\/actualizateiguazu.com\/v3\/wp-json\/wp\/v2\/posts\/28066","targetHints":{"allow":["GET"]}}],"collection":[{"href":"https:\/\/actualizateiguazu.com\/v3\/wp-json\/wp\/v2\/posts"}],"about":[{"href":"https:\/\/actualizateiguazu.com\/v3\/wp-json\/wp\/v2\/types\/post"}],"author":[{"embeddable":true,"href":"https:\/\/actualizateiguazu.com\/v3\/wp-json\/wp\/v2\/users\/1"}],"replies":[{"embeddable":true,"href":"https:\/\/actualizateiguazu.com\/v3\/wp-json\/wp\/v2\/comments?post=28066"}],"version-history":[{"count":1,"href":"https:\/\/actualizateiguazu.com\/v3\/wp-json\/wp\/v2\/posts\/28066\/revisions"}],"predecessor-version":[{"id":28074,"href":"https:\/\/actualizateiguazu.com\/v3\/wp-json\/wp\/v2\/posts\/28066\/revisions\/28074"}],"wp:featuredmedia":[{"embeddable":true,"href":"https:\/\/actualizateiguazu.com\/v3\/wp-json\/wp\/v2\/media\/28067"}],"wp:attachment":[{"href":"https:\/\/actualizateiguazu.com\/v3\/wp-json\/wp\/v2\/media?parent=28066"}],"wp:term":[{"taxonomy":"category","embeddable":true,"href":"https:\/\/actualizateiguazu.com\/v3\/wp-json\/wp\/v2\/categories?post=28066"},{"taxonomy":"post_tag","embeddable":true,"href":"https:\/\/actualizateiguazu.com\/v3\/wp-json\/wp\/v2\/tags?post=28066"}],"curies":[{"name":"wp","href":"https:\/\/api.w.org\/{rel}","templated":true}]}}