{"id":28083,"date":"2022-05-26T11:09:46","date_gmt":"2022-05-26T11:09:46","guid":{"rendered":"https:\/\/actualizateiguazu.com\/v3\/?p=28083"},"modified":"2022-05-26T11:09:48","modified_gmt":"2022-05-26T11:09:48","slug":"reunion-de-trabajo-para-mejorar-la-distribucion-de-agua-potable-en-iguazu","status":"publish","type":"post","link":"https:\/\/actualizateiguazu.com\/v3\/2022\/05\/26\/reunion-de-trabajo-para-mejorar-la-distribucion-de-agua-potable-en-iguazu\/","title":{"rendered":"Reuni\u00f3n de trabajo para mejorar la distribuci\u00f3n de agua potable en Iguaz\u00fa"},"content":{"rendered":"\n<p>En la ma\u00f1ana del martes el administrador de IMAS Joaqu\u00edn S\u00e1nchez mantuvo una reuni\u00f3n con los integrantes el personal de la planta de Iguaz\u00fa a fin de presentar a Eduardo Brunner nuevo ingeniero del plantel que estar\u00e1 al frente de la delegaci\u00f3n en la ciudad a los dem\u00e1s trabajadores y con el objetivo de <strong>coordinar tareas de remodelaci\u00f3n de las redes sobre todo el en los barrios m\u00e1s complicados y comenzar con el proceso de sectorizaci\u00f3n de la ciudad respecto a las dos plantas potabilizadoras.<\/strong><\/p>\n\n\n\n<p>El equipo, que ahora cuenta con refuerzos, comenzar\u00e1 a cerrar las redes para evitar p\u00e9rdidas de agua hacia zonas donde no existen redes legales con el fin de planificar y regularizar los barrios o espacios de viviendas donde no existen usuarios formalmente constituidos. Este implica un trabajo en conjunto del sector de comerciales, redes y planta a fin de normalizar el servicio.<\/p>\n\n\n\n<figure class=\"wp-block-image size-large\"><img loading=\"lazy\" decoding=\"async\" width=\"1024\" height=\"768\" src=\"https:\/\/actualizateiguazu.com\/v3\/wp-content\/uploads\/2022\/05\/reunion-de-trabajo-3-1024x768.jpg\" alt=\"\" class=\"wp-image-28087\" srcset=\"https:\/\/actualizateiguazu.com\/v3\/wp-content\/uploads\/2022\/05\/reunion-de-trabajo-3-1024x768.jpg 1024w, https:\/\/actualizateiguazu.com\/v3\/wp-content\/uploads\/2022\/05\/reunion-de-trabajo-3-300x225.jpg 300w, https:\/\/actualizateiguazu.com\/v3\/wp-content\/uploads\/2022\/05\/reunion-de-trabajo-3-768x576.jpg 768w, https:\/\/actualizateiguazu.com\/v3\/wp-content\/uploads\/2022\/05\/reunion-de-trabajo-3-1536x1152.jpg 1536w, https:\/\/actualizateiguazu.com\/v3\/wp-content\/uploads\/2022\/05\/reunion-de-trabajo-3-2048x1536.jpg 2048w, https:\/\/actualizateiguazu.com\/v3\/wp-content\/uploads\/2022\/05\/reunion-de-trabajo-3-720x540.jpg 720w\" sizes=\"auto, (max-width: 1024px) 100vw, 1024px\" \/><figcaption>Planificaci\u00f3nde trabajos para mejorar la distribuci\u00f3n del agua potable en la zona norte de la ciudad<\/figcaption><\/figure>\n\n\n\n<p>\u201c<strong>Estuve en el ENHOSA (Ente Nacional De Obras H\u00eddricas De Saneamiento) a fin de insistir con el proyecto de redes para la ciudad de las cataratas, si bien ya se ha firmado un convenio no se han liberado los fondos para la ejecuci\u00f3n, mientras tanto seguimos trabajando en la planificaci\u00f3n y modificaci\u00f3n de algunas zonas complicadas a fin de solucionar inconvenientes<\/strong>\u201d explic\u00f3 Joaqu\u00edn S\u00e1nchez.<\/p>\n\n\n\n<p>S\u00e1nchez recalc\u00f3 que est\u00e1n trabajando a fin de solucionar problemas hist\u00f3ricos en las redes en el sector norte de la ciudad, no obstante aclar\u00f3 que en el sector sur, que ser\u00e1 alimentado por la segunda planta potabilizadora, tambi\u00e9n se ejecutan importantes obras como el tercer acueducto que alimentara la a los barrios San Juan, Los Yerbales y Altos del Paran\u00e1.<\/p>\n\n\n\n<p>Al respecto Horacio Zarza, propietario de la empresa que ejecuta el tercer acueducto indic\u00f3 \u201c<strong>Ya estamos llevando adelante la obra, se trata de un 160 que tiene una distancia de 2.100 metros lineales y que abastecer\u00e1 a los barrios Los Yerbales, Altos del Paran\u00e1 y San Juan. Tambi\u00e9n vamos a dejar para una futura conexi\u00f3n para las 2.000 hect\u00e1reas<\/strong>\u201d<\/p>\n\n\n\n<figure class=\"wp-block-image size-large\"><img loading=\"lazy\" decoding=\"async\" width=\"1024\" height=\"576\" src=\"https:\/\/actualizateiguazu.com\/v3\/wp-content\/uploads\/2022\/05\/Capacitacion-1-1024x576.jpeg\" alt=\"\" class=\"wp-image-28085\" srcset=\"https:\/\/actualizateiguazu.com\/v3\/wp-content\/uploads\/2022\/05\/Capacitacion-1-1024x576.jpeg 1024w, https:\/\/actualizateiguazu.com\/v3\/wp-content\/uploads\/2022\/05\/Capacitacion-1-300x169.jpeg 300w, https:\/\/actualizateiguazu.com\/v3\/wp-content\/uploads\/2022\/05\/Capacitacion-1-768x432.jpeg 768w, https:\/\/actualizateiguazu.com\/v3\/wp-content\/uploads\/2022\/05\/Capacitacion-1-1536x864.jpeg 1536w, https:\/\/actualizateiguazu.com\/v3\/wp-content\/uploads\/2022\/05\/Capacitacion-1-800x450.jpeg 800w, https:\/\/actualizateiguazu.com\/v3\/wp-content\/uploads\/2022\/05\/Capacitacion-1.jpeg 1599w\" sizes=\"auto, (max-width: 1024px) 100vw, 1024px\" \/><figcaption>Cpacitacion de empleados sobre potabilziacion del agua<\/figcaption><\/figure>\n\n\n\n<p>Respecto a las obras que se est\u00e1n ejecutando S\u00e1nchez explic\u00f3 que <strong>la toma de agua del rio Iguaz\u00fa est\u00e1n en un 65 por ciento de ejecuci\u00f3n, en tanto la planta potabilizadora que recibir\u00e1 agua de la toma del arroyo Mbocay ya alcanza un 90 por ciento de ejecuci\u00f3n. En lo que respecta a la obra en la toma de agua del arroyo ya registra un 70 por ciento de ejecuci\u00f3n y la obra de impulsi\u00f3n contin\u00faa avanzando alcanzando un 60 por ciento<\/strong>. \u201clas obras estar\u00e1n listas a fines de agosto principio de septiembre, el objetivo es poner a punto toda la estructura para pasar un buen verano cubriendo la necesidad de la ciudad y de los hoteles\u201d recalc\u00f3<\/p>\n\n\n\n<p>Adem\u00e1s el equipo de empleados de IMAS que trabajan en la planta potabilizadora, particip\u00f3 de una Capacitaci\u00f3n sobre el uso de herramientas de laboratorio para potabilizaci\u00f3n de agua a cargo de ingeniero qu\u00edmico Walter Valdiviezo Castro.<\/p>\n","protected":false},"excerpt":{"rendered":"<p>En la ma\u00f1ana del martes el administrador de IMAS Joaqu\u00edn S\u00e1nchez mantuvo una reuni\u00f3n con<\/p>\n","protected":false},"author":1,"featured_media":28088,"comment_status":"open","ping_status":"open","sticky":false,"template":"","format":"standard","meta":{"footnotes":""},"categories":[1,226],"tags":[],"class_list":["post-28083","post","type-post","status-publish","format-standard","has-post-thumbnail","hentry","category-actualidad","category-locales"],"_links":{"self":[{"href":"https:\/\/actualizateiguazu.com\/v3\/wp-json\/wp\/v2\/posts\/28083","targetHints":{"allow":["GET"]}}],"collection":[{"href":"https:\/\/actualizateiguazu.com\/v3\/wp-json\/wp\/v2\/posts"}],"about":[{"href":"https:\/\/actualizateiguazu.com\/v3\/wp-json\/wp\/v2\/types\/post"}],"author":[{"embeddable":true,"href":"https:\/\/actualizateiguazu.com\/v3\/wp-json\/wp\/v2\/users\/1"}],"replies":[{"embeddable":true,"href":"https:\/\/actualizateiguazu.com\/v3\/wp-json\/wp\/v2\/comments?post=28083"}],"version-history":[{"count":1,"href":"https:\/\/actualizateiguazu.com\/v3\/wp-json\/wp\/v2\/posts\/28083\/revisions"}],"predecessor-version":[{"id":28089,"href":"https:\/\/actualizateiguazu.com\/v3\/wp-json\/wp\/v2\/posts\/28083\/revisions\/28089"}],"wp:featuredmedia":[{"embeddable":true,"href":"https:\/\/actualizateiguazu.com\/v3\/wp-json\/wp\/v2\/media\/28088"}],"wp:attachment":[{"href":"https:\/\/actualizateiguazu.com\/v3\/wp-json\/wp\/v2\/media?parent=28083"}],"wp:term":[{"taxonomy":"category","embeddable":true,"href":"https:\/\/actualizateiguazu.com\/v3\/wp-json\/wp\/v2\/categories?post=28083"},{"taxonomy":"post_tag","embeddable":true,"href":"https:\/\/actualizateiguazu.com\/v3\/wp-json\/wp\/v2\/tags?post=28083"}],"curies":[{"name":"wp","href":"https:\/\/api.w.org\/{rel}","templated":true}]}}