{"id":28115,"date":"2022-05-27T00:46:12","date_gmt":"2022-05-27T00:46:12","guid":{"rendered":"https:\/\/actualizateiguazu.com\/v3\/?p=28115"},"modified":"2022-05-27T00:46:15","modified_gmt":"2022-05-27T00:46:15","slug":"faltan-100-metros-para-unir-brasil-con-paraguay-por-el-puente-de-la-integracion","status":"publish","type":"post","link":"https:\/\/actualizateiguazu.com\/v3\/2022\/05\/27\/faltan-100-metros-para-unir-brasil-con-paraguay-por-el-puente-de-la-integracion\/","title":{"rendered":"Faltan 100 metros para unir Brasil con Paraguay por el puente de la integraci\u00f3n"},"content":{"rendered":"\n<p>Apenas cien metros separan los dos frentes de trabajo en el tramo central del Puente de Integraci\u00f3n Brasil-Paraguay, que conectar\u00e1 Foz do Igua\u00e7u (BR) con Presidente Franco (PY), sobre el r\u00edo Paran\u00e1.<strong> Los datos de avance de la obra fueron difundidos por el Departamento de Carreteras de Paran\u00e1 (DER-PR) a trav\u00e9s del \u00faltimo bolet\u00edn t\u00e9cnico del consorcio responsable de la obra emitido este jueves 26 de mayo<\/strong>.<\/p>\n\n\n\n<p>El documento indica que, al final de este mes de mayo, ya se ha ejecutado el 84% de las obras, con inversiones de aproximadamente R$ 200 millones, del total estimado de R$ 323 millones.<\/p>\n\n\n\n<p>Del lado brasile\u00f1o, contin\u00faa el premontaje de las \u00faltimas duelas (piezas met\u00e1licas que formar\u00e1n la base de la futura calzada), incluida la denominada \u201cduela de cierre\u201d, que unir\u00e1 los dos frentes de trabajo. Tambi\u00e9n en mayo se procedi\u00f3 al posicionamiento de las losas prefabricadas sobre una de las duelas, su hormigonado y el tesado de la 14\u00aa pareja de tirantes (cables de acero que soportar\u00e1n la estructura).<\/p>\n\n\n\n<p>En tanto del lado de obra paraguayo, tambi\u00e9n se realiza el premontaje de las duelas y se ejecuta el refuerzo de los protectores de ruedas (balizas de circulaci\u00f3n) y las bases de la futura barandilla. En el tablero (base del puente), las actividades se concentran en la duela 12.<\/p>\n\n\n\n<p><strong>El nuevo puente internacional tendr\u00e1 una longitud de 760 metros y una luz de 470 metros, el m\u00e1s largo de Sudam\u00e9rica<\/strong>. Habr\u00e1 dos carriles de 3,6 metros de ancho, un arc\u00e9n de tres metros y una acera de 1,7 metros a los lados. Se espera que la obra est\u00e9 terminada para septiembre.<\/p>\n\n\n\n<p>La iniciativa es del gobierno federal, gestionada por el gobierno estatal, a trav\u00e9s de la Secretar\u00eda de Carreteras (DER-PR) y recursos del lado brasile\u00f1o de Itaip\u00fa Binacional.<\/p>\n\n\n\n<p>Adem\u00e1s en el mes de mayo <strong>las obras del Perimetral Leste, que conectar\u00e1 el Puente de Integraci\u00f3n con la BR-277, alcanzaron un 11,07% de avance, con inversiones de aproximadamente R$ 11,5 millone<\/strong>s. Hay varios frentes de trabajo simult\u00e1neos, entre ellos el viaducto de acceso al Puente Tancredo Neves, el viaducto de acceso a Porto Igua\u00e7u, el acceso al Marco das Tres Fronteras y los movimientos de tierra en las mesetas de la nueva aduana paraguaya y argentina, entre otros servicios.<\/p>\n\n\n\n<p>Foto: Rubens Fraulini<\/p>\n","protected":false},"excerpt":{"rendered":"<p>Apenas cien metros separan los dos frentes de trabajo en el tramo central del Puente<\/p>\n","protected":false},"author":1,"featured_media":28116,"comment_status":"open","ping_status":"open","sticky":false,"template":"","format":"standard","meta":{"footnotes":""},"categories":[1,226,233],"tags":[],"class_list":["post-28115","post","type-post","status-publish","format-standard","has-post-thumbnail","hentry","category-actualidad","category-locales","category-triple-frontera"],"_links":{"self":[{"href":"https:\/\/actualizateiguazu.com\/v3\/wp-json\/wp\/v2\/posts\/28115","targetHints":{"allow":["GET"]}}],"collection":[{"href":"https:\/\/actualizateiguazu.com\/v3\/wp-json\/wp\/v2\/posts"}],"about":[{"href":"https:\/\/actualizateiguazu.com\/v3\/wp-json\/wp\/v2\/types\/post"}],"author":[{"embeddable":true,"href":"https:\/\/actualizateiguazu.com\/v3\/wp-json\/wp\/v2\/users\/1"}],"replies":[{"embeddable":true,"href":"https:\/\/actualizateiguazu.com\/v3\/wp-json\/wp\/v2\/comments?post=28115"}],"version-history":[{"count":1,"href":"https:\/\/actualizateiguazu.com\/v3\/wp-json\/wp\/v2\/posts\/28115\/revisions"}],"predecessor-version":[{"id":28117,"href":"https:\/\/actualizateiguazu.com\/v3\/wp-json\/wp\/v2\/posts\/28115\/revisions\/28117"}],"wp:featuredmedia":[{"embeddable":true,"href":"https:\/\/actualizateiguazu.com\/v3\/wp-json\/wp\/v2\/media\/28116"}],"wp:attachment":[{"href":"https:\/\/actualizateiguazu.com\/v3\/wp-json\/wp\/v2\/media?parent=28115"}],"wp:term":[{"taxonomy":"category","embeddable":true,"href":"https:\/\/actualizateiguazu.com\/v3\/wp-json\/wp\/v2\/categories?post=28115"},{"taxonomy":"post_tag","embeddable":true,"href":"https:\/\/actualizateiguazu.com\/v3\/wp-json\/wp\/v2\/tags?post=28115"}],"curies":[{"name":"wp","href":"https:\/\/api.w.org\/{rel}","templated":true}]}}