{"id":28145,"date":"2022-05-27T17:03:57","date_gmt":"2022-05-27T17:03:57","guid":{"rendered":"https:\/\/actualizateiguazu.com\/v3\/?p=28145"},"modified":"2022-05-27T17:04:03","modified_gmt":"2022-05-27T17:04:03","slug":"misiones-tiene-ley-de-gestion-de-calidad-de-atencion-y-seguridad-del-paciente","status":"publish","type":"post","link":"https:\/\/actualizateiguazu.com\/v3\/2022\/05\/27\/misiones-tiene-ley-de-gestion-de-calidad-de-atencion-y-seguridad-del-paciente\/","title":{"rendered":"Misiones tiene Ley de Gesti\u00f3n de Calidad de Atenci\u00f3n y Seguridad del Paciente"},"content":{"rendered":"\n<p>En sesi\u00f3n de ayer la C\u00e1mara de Representantes de Misiones aprob\u00f3 la Ley de Gesti\u00f3n de Calidad de Atenci\u00f3n y Seguridad del Paciente, que establece la creaci\u00f3n de la Direcci\u00f3n Provincial de Gesti\u00f3n de Calidad de Atenci\u00f3n y Seguridad del Paciente. <strong>Sus objetivos son direccionar las pol\u00edticas de salud para generar mecanismos que se orienten a la prevenci\u00f3n de riesgos asociados a la atenci\u00f3n sanitaria, a la promoci\u00f3n de la cultura de seguridad del paciente y a la instalaci\u00f3n de procesos de calidad en la gesti\u00f3n cl\u00ednica<\/strong>.<\/p>\n\n\n\n<p>En la misma norma tambi\u00e9n se cre\u00f3 el Comit\u00e9 de Gesti\u00f3n de Calidad de Atenci\u00f3n y Seguridad del Paciente en los efectores de salud p\u00fablicos, como \u00f3rgano de asesoramiento y de aplicaci\u00f3n de procedimientos para mejorar la calidad de la atenci\u00f3n y estandarizaci\u00f3n del proceso de atenci\u00f3n del paciente, entre otros fines. <strong>Se instituy\u00f3 tambi\u00e9n como D\u00eda Provincial de la Seguridad del Paciente el 17 de septiembre de cada a\u00f1o.<\/strong><\/p>\n\n\n\n<figure class=\"wp-block-image size-large\"><img loading=\"lazy\" decoding=\"async\" width=\"576\" height=\"1024\" src=\"https:\/\/actualizateiguazu.com\/v3\/wp-content\/uploads\/2022\/05\/SIMISIONES-10-576x1024.jpeg\" alt=\"\" class=\"wp-image-28148\" srcset=\"https:\/\/actualizateiguazu.com\/v3\/wp-content\/uploads\/2022\/05\/SIMISIONES-10-576x1024.jpeg 576w, https:\/\/actualizateiguazu.com\/v3\/wp-content\/uploads\/2022\/05\/SIMISIONES-10-169x300.jpeg 169w, https:\/\/actualizateiguazu.com\/v3\/wp-content\/uploads\/2022\/05\/SIMISIONES-10-768x1365.jpeg 768w, https:\/\/actualizateiguazu.com\/v3\/wp-content\/uploads\/2022\/05\/SIMISIONES-10-864x1536.jpeg 864w, https:\/\/actualizateiguazu.com\/v3\/wp-content\/uploads\/2022\/05\/SIMISIONES-10.jpeg 900w\" sizes=\"auto, (max-width: 576px) 100vw, 576px\" \/><\/figure>\n\n\n\n<p>El autor de la ley, diputado Mart\u00edn Cesino, en los fundamentos del proyecto, manifest\u00f3 que \u201cla seguridad del paciente es una importante preocupaci\u00f3n de salud p\u00fablica\u201d. Asegur\u00f3 que \u201cesto implica profundizar en la implementaci\u00f3n de sistemas de notificaci\u00f3n centrando el an\u00e1lisis en lo que pas\u00f3 y no en qui\u00e9n lo hizo; implementando medidas de mejora que involucren a pacientes y al personal de salud\u201d.<\/p>\n\n\n\n<p>Adem\u00e1s, hay que \u201centrenar a los equipos de salud utilizando metodolog\u00edas innovadoras como la simulaci\u00f3n cl\u00ednica, la utilizaci\u00f3n de protocolos y vigilancia activa en la b\u00fasqueda de factores latentes que pueden provocar incidentes y eventos adversos\u201d, manifest\u00f3.<\/p>\n\n\n\n<p>Para el legislador, esos \u201cson ejemplos de acciones bien encaminadas que deben replicarse de manera constante, para generar atenci\u00f3n m\u00e9dica de calidad\u201d.<\/p>\n\n\n\n<p>En la sesi\u00f3n, Cesino dijo que \u201cl<strong>a Direcci\u00f3n se va a complementar con otra ley, el programa SI Misiones, garantizando el acceso a una prestaci\u00f3n y servicio de calidad; queremos que cuando la persona acuda al sistema de salud, se sienta cuidado y protegido, y hoy todo el equipo de Salud se viene preparando y actualizando para ello<\/strong>\u201d.<\/p>\n\n\n\n<p>\u201cLo importante es que el equipo de Salud lo ha tomado como propio, y todos los hospitales en la provincia tienen esos nodos de calidad; somos la primera provincia del pa\u00eds que tiene una ley que busca y garantiza que sus habitantes tengan una mejor calidad de vida\u201d, destac\u00f3 Cesino.\u00a0<\/p>\n\n\n\n<figure class=\"wp-block-image size-large\"><img loading=\"lazy\" decoding=\"async\" width=\"576\" height=\"1024\" src=\"https:\/\/actualizateiguazu.com\/v3\/wp-content\/uploads\/2022\/05\/SIMISIONES-18-576x1024.jpeg\" alt=\"\" class=\"wp-image-28150\" srcset=\"https:\/\/actualizateiguazu.com\/v3\/wp-content\/uploads\/2022\/05\/SIMISIONES-18-576x1024.jpeg 576w, https:\/\/actualizateiguazu.com\/v3\/wp-content\/uploads\/2022\/05\/SIMISIONES-18-169x300.jpeg 169w, https:\/\/actualizateiguazu.com\/v3\/wp-content\/uploads\/2022\/05\/SIMISIONES-18-768x1365.jpeg 768w, https:\/\/actualizateiguazu.com\/v3\/wp-content\/uploads\/2022\/05\/SIMISIONES-18.jpeg 864w\" sizes=\"auto, (max-width: 576px) 100vw, 576px\" \/><\/figure>\n\n\n\n<p><strong>Uso consciente de medicamentos<\/strong><\/p>\n\n\n\n<p>La C\u00e1mara de Representantes instituy\u00f3 una campa\u00f1a de educaci\u00f3n y difusi\u00f3n sobre la inconveniencia de la automedicaci\u00f3n para la salud humana, el peligro real de las contraindicaciones y la adecuada conservaci\u00f3n de los medicamentos en los hogares.<\/p>\n\n\n\n<p>La automedicaci\u00f3n consiste en el uso de medicamentos por iniciativa propia sin intervenci\u00f3n de un profesional m\u00e9dico en el diagn\u00f3stico, la prescripci\u00f3n o la supervisi\u00f3n del tratamiento.<\/p>\n\n\n\n<p>La norma aprobada por la Legislatura, que integra proyectos presentados por las ex diputadas Mariela Aguirre y Natalia Rodr\u00edguez, instituye la Semana de Concientizaci\u00f3n sobre el Uso Racional de los Antibi\u00f3ticos, entre el 18 al 24 de noviembre de cada a\u00f1o, en adhesi\u00f3n a la fecha instituida por la Organizaci\u00f3n Mundial de la Salud.<\/p>\n\n\n\n<p>En la sesi\u00f3n, el diputado Jorge Franco, como miembro informante de la comisi\u00f3n que dictamin\u00f3 a favor de los proyectos, dijo que la automedicaci\u00f3n \u201ces una pr\u00e1ctica que trae m\u00e1s problemas que soluciones, por eso se busca establecer una campa\u00f1a de concientizaci\u00f3n para poder llegar a la poblaci\u00f3n con esta informaci\u00f3n\u201d.<\/p>\n\n\n\n<p>Franco agreg\u00f3 que legislar al respecto de esta tem\u00e1tica es generar normas \u201cque permiten tener calidad de medicina, y es incentivar al uso racional de cosas, que usadas en su justa medida son buenas, y que usadas fuera de su justa medida, son perjudiciales para la salud\u201d.<\/p>\n\n\n\n<p><strong>Espacios libres de humo<\/strong><\/p>\n\n\n\n<p>&nbsp;La Legislatura provincial estableci\u00f3 espacios libres de humo en las \u00e1reas naturales protegidas, para preservar y mejorar la calidad del aire y el agua, prevenir incendios forestales y promover h\u00e1bitos saludables.<\/p>\n\n\n\n<p>A partir de esta norma, promovida por el ex legislador Pablo Lenguaza, se proh\u00edbe fumar en la totalidad de los predios instituidos como parques provinciales y en las reservas privadas sujetas al r\u00e9gimen de adhesi\u00f3n previsto en la ley del Sistema Provincial de \u00c1reas Naturales Protegidas.<\/p>\n\n\n\n<p>Previo a la votaci\u00f3n, el diputado Rafael Pereyra Pigerl dijo que \u201cesta ley parece simple pero no lo es, es una norma revolucionaria para cuidar el turismo, el medioambiente y a la cultura en general\u201d.<\/p>\n\n\n\n<p>\u201cEs un avance sustancial y hace a las pol\u00edticas del Estado, a nuestra matriz misionerista de cuidar nuestro medioambiente\u201d asegur\u00f3 Pigerl.<\/p>\n","protected":false},"excerpt":{"rendered":"<p>En sesi\u00f3n de ayer la C\u00e1mara de Representantes de Misiones aprob\u00f3 la Ley de Gesti\u00f3n<\/p>\n","protected":false},"author":1,"featured_media":28152,"comment_status":"open","ping_status":"open","sticky":false,"template":"","format":"standard","meta":{"footnotes":""},"categories":[1,229,231],"tags":[],"class_list":["post-28145","post","type-post","status-publish","format-standard","has-post-thumbnail","hentry","category-actualidad","category-provinciales","category-salud"],"_links":{"self":[{"href":"https:\/\/actualizateiguazu.com\/v3\/wp-json\/wp\/v2\/posts\/28145","targetHints":{"allow":["GET"]}}],"collection":[{"href":"https:\/\/actualizateiguazu.com\/v3\/wp-json\/wp\/v2\/posts"}],"about":[{"href":"https:\/\/actualizateiguazu.com\/v3\/wp-json\/wp\/v2\/types\/post"}],"author":[{"embeddable":true,"href":"https:\/\/actualizateiguazu.com\/v3\/wp-json\/wp\/v2\/users\/1"}],"replies":[{"embeddable":true,"href":"https:\/\/actualizateiguazu.com\/v3\/wp-json\/wp\/v2\/comments?post=28145"}],"version-history":[{"count":1,"href":"https:\/\/actualizateiguazu.com\/v3\/wp-json\/wp\/v2\/posts\/28145\/revisions"}],"predecessor-version":[{"id":28154,"href":"https:\/\/actualizateiguazu.com\/v3\/wp-json\/wp\/v2\/posts\/28145\/revisions\/28154"}],"wp:featuredmedia":[{"embeddable":true,"href":"https:\/\/actualizateiguazu.com\/v3\/wp-json\/wp\/v2\/media\/28152"}],"wp:attachment":[{"href":"https:\/\/actualizateiguazu.com\/v3\/wp-json\/wp\/v2\/media?parent=28145"}],"wp:term":[{"taxonomy":"category","embeddable":true,"href":"https:\/\/actualizateiguazu.com\/v3\/wp-json\/wp\/v2\/categories?post=28145"},{"taxonomy":"post_tag","embeddable":true,"href":"https:\/\/actualizateiguazu.com\/v3\/wp-json\/wp\/v2\/tags?post=28145"}],"curies":[{"name":"wp","href":"https:\/\/api.w.org\/{rel}","templated":true}]}}