{"id":28173,"date":"2022-05-28T12:43:21","date_gmt":"2022-05-28T12:43:21","guid":{"rendered":"https:\/\/actualizateiguazu.com\/v3\/?p=28173"},"modified":"2022-05-28T12:55:39","modified_gmt":"2022-05-28T12:55:39","slug":"el-gobierno-de-misiones-ordeno-frenar-los-desmontes-en-el-valle-del-kuna-piru-reconociendo-derechos-indigenas","status":"publish","type":"post","link":"https:\/\/actualizateiguazu.com\/v3\/2022\/05\/28\/el-gobierno-de-misiones-ordeno-frenar-los-desmontes-en-el-valle-del-kuna-piru-reconociendo-derechos-indigenas\/","title":{"rendered":"El gobierno de Misiones orden\u00f3 frenar los desmontes en el Valle del Cu\u00f1a Pir\u00fa reconociendo derechos ind\u00edgenas"},"content":{"rendered":"\n<p class=\"wp-block-paragraph\">La lluvia suele ser un buen augurio, y este viernes, sin dudas, trajo alegr\u00eda. Las Comunidades Ka\u00b4a Kupe, Yvy Ch\u0129, Ko\u2019\u1ebd Ju Mir\u0129, Tajy Poty y Ko\u2019\u1ebd Ju -que habitan el Valle del Cu\u00f1a Pir\u00fa, sobre la Ruta Provincial 7- recibieron una noticia que infundi\u00f3 una gota de esperanza y reafirm\u00f3 la convicci\u00f3n en que la lucha da sus frutos.<\/p>\n\n\n\n<p class=\"wp-block-paragraph\">El Gobierno de Misiones <strong>decret\u00f3 el cese de todo tipo de actividad de la empresa CARBA en el territorio ind\u00edgena relevado por Ley 26160 y el inicio de un proceso de consulta previa, libre e informada a las Comunidades, como debi\u00f3 hacerse desde un principio<\/strong>. Indic\u00f3 tambi\u00e9n al Ministerio de Ecolog\u00eda acogerse a esta normativa, que marca una nueva l\u00ednea en cuanto a los conflictos con las Comunidades respecto al manejo de los montes nativos.<\/p>\n\n\n\n<p class=\"wp-block-paragraph\">El enfrentamiento con la empresa CARBA, que lleva al menos dos d\u00e9cadas, signific\u00f3 mucho dolor para las Comunidades. Vieron frente a sus ojos la destrucci\u00f3n del monte nativo -su casa-, las motosierras cortando sus \u00e1rboles y la desidia del Estado que por a\u00f1os decidi\u00f3 mirar para el costado.<\/p>\n\n\n\n<figure class=\"wp-block-image size-large\"><img loading=\"lazy\" decoding=\"async\" width=\"1024\" height=\"682\" src=\"https:\/\/actualizateiguazu.com\/v3\/wp-content\/uploads\/2022\/05\/WhatsApp-Image-2022-05-28-at-9.18.10-AM-1024x682.jpeg\" alt=\"\" class=\"wp-image-28175\" srcset=\"https:\/\/actualizateiguazu.com\/v3\/wp-content\/uploads\/2022\/05\/WhatsApp-Image-2022-05-28-at-9.18.10-AM-1024x682.jpeg 1024w, https:\/\/actualizateiguazu.com\/v3\/wp-content\/uploads\/2022\/05\/WhatsApp-Image-2022-05-28-at-9.18.10-AM-300x200.jpeg 300w, https:\/\/actualizateiguazu.com\/v3\/wp-content\/uploads\/2022\/05\/WhatsApp-Image-2022-05-28-at-9.18.10-AM-768x512.jpeg 768w, https:\/\/actualizateiguazu.com\/v3\/wp-content\/uploads\/2022\/05\/WhatsApp-Image-2022-05-28-at-9.18.10-AM.jpeg 1280w\" sizes=\"auto, (max-width: 1024px) 100vw, 1024px\" \/><\/figure>\n\n\n\n<p class=\"wp-block-paragraph\">Sin embargo, hoy se dio un paso firme, producto de la lucha incansable de los Mbya por sus territorios, con la firma de un decreto reparatorio por parte del Gobernador Herrera Ahuad. <strong>Entre sus considerandos se menciona el incumplimiento estatal de su obligaci\u00f3n de consulta previa, libre e informada, por dem\u00e1s obligatoria, sobre todos los actos que afecten a los recursos naturales y territorios ancestrales de los Pueblos Ind\u00edgenas, haciendo menci\u00f3n de los marcos legales que los amparan, como la Constituci\u00f3n Nacional, la Ley 26160 y el Convenio 169 de la Organizaci\u00f3n Internacional del Trabajo (OIT)<\/strong>.<\/p>\n\n\n\n<p class=\"wp-block-paragraph\">\u201cHoy sentimos que cuando se quiere solucionar y comprender, es f\u00e1cil de hacer. Esto significa el compromiso de escuchar a las Comunidades. Siempre se necesita el compromiso del Gobierno, porque son los responsables y quienes deben estar cerca de las Comunidades\u201d, expres\u00f3 Mario Borjas, mburuvicha de Tekoa Ka\u2019a Kupe.<\/p>\n\n\n\n<p class=\"wp-block-paragraph\">Asegur\u00f3 que hoy sienten alivio, \u201cpero por dentro tenemos sufrimiento y no nos olvidamos del impacto que hemos pasado, varias situaciones por defender la naturaleza\u201d.<\/p>\n\n\n\n<p class=\"wp-block-paragraph\">Por eso, Mario Borjas espera que esto sea un comienzo y que \u201csiempre sea as\u00ed, que las Comunidades Ind\u00edgenas sean escuchadas y sean part\u00edcipes\u201d.<\/p>\n\n\n\n<figure class=\"wp-block-image size-large\"><img loading=\"lazy\" decoding=\"async\" width=\"629\" height=\"1024\" src=\"https:\/\/actualizateiguazu.com\/v3\/wp-content\/uploads\/2022\/05\/WhatsApp-Image-2022-05-28-at-9.18.10-AM-1-629x1024.jpeg\" alt=\"\" class=\"wp-image-28176\" srcset=\"https:\/\/actualizateiguazu.com\/v3\/wp-content\/uploads\/2022\/05\/WhatsApp-Image-2022-05-28-at-9.18.10-AM-1-629x1024.jpeg 629w, https:\/\/actualizateiguazu.com\/v3\/wp-content\/uploads\/2022\/05\/WhatsApp-Image-2022-05-28-at-9.18.10-AM-1-184x300.jpeg 184w, https:\/\/actualizateiguazu.com\/v3\/wp-content\/uploads\/2022\/05\/WhatsApp-Image-2022-05-28-at-9.18.10-AM-1-768x1250.jpeg 768w, https:\/\/actualizateiguazu.com\/v3\/wp-content\/uploads\/2022\/05\/WhatsApp-Image-2022-05-28-at-9.18.10-AM-1.jpeg 780w\" sizes=\"auto, (max-width: 629px) 100vw, 629px\" \/><\/figure>\n\n\n\n<p class=\"wp-block-paragraph\"><strong>El monte no es un bien econ\u00f3mico para los Mbya. Es su casa, donde producen y reproducen cultura, de donde se sirven los alimentos, techo, medicinas y donde pueden ser libres de ser quienes son.<\/strong><\/p>\n\n\n\n<p class=\"wp-block-paragraph\">\u201cSin Mbya no hay monte y sin monte no hay Mbya\u201d dijo -en oportunidad de recibir su t\u00edtulo de Doctor Honoris Causa de la UNaM- Bartomeu Meli\u00e0.<\/p>\n\n\n\n<p class=\"wp-block-paragraph\">La profunda descripci\u00f3n que dio M. Borjas marca con claridad absoluta la relaci\u00f3n de los Mbya con la selva, por eso la herida a\u00fan sigue abierta, porque lo perdido no se recupera: \u201cSiento fuerte el golpe de haber perdido la naturaleza, que es una vida para nosotros y cuando la perdemos sentimos debilidad espiritual\u201d.<\/p>\n\n\n\n<p class=\"wp-block-paragraph\">Sin embargo, hoy prim\u00f3 la alegr\u00eda. Con mucha emoci\u00f3n,<strong> Borjas agradeci\u00f3 el compromiso que tom\u00f3 en este caso el Estado provincial y tambi\u00e9n a la abogada Roxana Rivas, quien tiene a su cargo pleitos judiciales que involucran a varias Comunidades Mbya en Misiones<\/strong>.<\/p>\n\n\n\n<p class=\"wp-block-paragraph\">\u201cSeguiremos llevando nuestros reclamos porque queremos que el t\u00edtulo de propiedad quede en manos de la Comunidad, sabemos que esto tambi\u00e9n es un proceso. Seguiremos luchando por nuestros territorios porque son nuestros, porque somos los primeros habitantes de lo que hoy es Argentina\u201d, cerr\u00f3.<\/p>\n\n\n\n<p class=\"wp-block-paragraph\">En un clima de alegr\u00eda y bajo la lluvia, el mburuvicha Mario Borjas agradeci\u00f3 el compartir y la tranquilidad de estar cada uno en su casa, con su familia, disfrutando de las simplezas de la vida. Hoy se fortaleci\u00f3 la esperanza de que no todo est\u00e1 perdido.<\/p>\n","protected":false},"excerpt":{"rendered":"<p>La lluvia suele ser un buen augurio, y este viernes, sin dudas, trajo alegr\u00eda. Las<\/p>\n","protected":false},"author":1,"featured_media":28174,"comment_status":"open","ping_status":"open","sticky":false,"template":"","format":"standard","meta":{"footnotes":""},"categories":[1,229],"tags":[],"class_list":["post-28173","post","type-post","status-publish","format-standard","has-post-thumbnail","hentry","category-actualidad","category-provinciales"],"_links":{"self":[{"href":"https:\/\/actualizateiguazu.com\/v3\/wp-json\/wp\/v2\/posts\/28173","targetHints":{"allow":["GET"]}}],"collection":[{"href":"https:\/\/actualizateiguazu.com\/v3\/wp-json\/wp\/v2\/posts"}],"about":[{"href":"https:\/\/actualizateiguazu.com\/v3\/wp-json\/wp\/v2\/types\/post"}],"author":[{"embeddable":true,"href":"https:\/\/actualizateiguazu.com\/v3\/wp-json\/wp\/v2\/users\/1"}],"replies":[{"embeddable":true,"href":"https:\/\/actualizateiguazu.com\/v3\/wp-json\/wp\/v2\/comments?post=28173"}],"version-history":[{"count":3,"href":"https:\/\/actualizateiguazu.com\/v3\/wp-json\/wp\/v2\/posts\/28173\/revisions"}],"predecessor-version":[{"id":28180,"href":"https:\/\/actualizateiguazu.com\/v3\/wp-json\/wp\/v2\/posts\/28173\/revisions\/28180"}],"wp:featuredmedia":[{"embeddable":true,"href":"https:\/\/actualizateiguazu.com\/v3\/wp-json\/wp\/v2\/media\/28174"}],"wp:attachment":[{"href":"https:\/\/actualizateiguazu.com\/v3\/wp-json\/wp\/v2\/media?parent=28173"}],"wp:term":[{"taxonomy":"category","embeddable":true,"href":"https:\/\/actualizateiguazu.com\/v3\/wp-json\/wp\/v2\/categories?post=28173"},{"taxonomy":"post_tag","embeddable":true,"href":"https:\/\/actualizateiguazu.com\/v3\/wp-json\/wp\/v2\/tags?post=28173"}],"curies":[{"name":"wp","href":"https:\/\/api.w.org\/{rel}","templated":true}]}}