{"id":28214,"date":"2022-05-30T10:40:18","date_gmt":"2022-05-30T10:40:18","guid":{"rendered":"https:\/\/actualizateiguazu.com\/v3\/?p=28214"},"modified":"2022-05-30T10:40:20","modified_gmt":"2022-05-30T10:40:20","slug":"continuan-las-lluvias-este-lunes-pero-en-menor-intensidad","status":"publish","type":"post","link":"https:\/\/actualizateiguazu.com\/v3\/2022\/05\/30\/continuan-las-lluvias-este-lunes-pero-en-menor-intensidad\/","title":{"rendered":"Contin\u00faan las lluvias este lunes, pero en menor intensidad"},"content":{"rendered":"\n<p class=\"wp-block-paragraph\">La Direcci\u00f3n General de Alerta Temprana\u00a0 dependiente de la Subsecretar\u00eda de Ordenamiento Territorial del Ministerio de Ecolog\u00eda y RNR de la Provincia de Misiones emiti\u00f3 el pron\u00f3stico del tiempo extendido para los pr\u00f3ximos d\u00edas. <strong>Se prev\u00e9 una jornada lluviosa para este lunes que radia paso a las bajas temperaturas que se registrar\u00edan en la madrigada del martes y se extender\u00eda por varios d\u00edas<\/strong>.<\/p>\n\n\n\n<p class=\"wp-block-paragraph\">La semana inicia con el lento alejamiento del frente estacionario de tormentas; no obstante, <strong>todav\u00eda se esperan lluvias y lloviznas en el extremo norte de la provincia, de madrugada y en horas de la ma\u00f1ana. <\/strong>Tiempo estable y mejorando en el sur, al igual que en zona centro donde el cielo estar\u00e1 cubierto despej\u00e1ndose un poco m\u00e1s a la tarde y con baja probabilidad de lluvias. Los vientos provenientes del sur har\u00e1n que las temperaturas asciendan poco y las m\u00ednimas se dar\u00e1n la noche. La temperatura m\u00e1xima en la provincia estimada en 22 \u00b0C para Montecarlo, la m\u00ednima ser\u00eda de 7 \u00b0C a la noche en San Javier con 5 \u00b0C de sensaci\u00f3n t\u00e9rmica.<\/p>\n\n\n\n<p class=\"wp-block-paragraph\">Ya el martes 31 de mayo, el<strong> tiempo estar\u00eda estable con predominio de bajas temperaturas. Se intensifica el ingreso de aire de origen polar y amanece fr\u00edo, con chances de heladas en el sureste provincial<\/strong>. Ser\u00e1 una ma\u00f1ana fr\u00eda y por la tarde las temperaturas estar\u00e1n entre 16 y 18\u00b0C. No se esperan precipitaciones aunque se registrar\u00eda una alta probabilidad de nieblas y neblinas.<\/p>\n\n\n\n<p class=\"wp-block-paragraph\">Respecto a las temperaturas, la m\u00e1xima en la provincia estimada en 18 \u00b0C para Puerto Iguaz\u00fa, la m\u00ednima ser\u00eda de 3 \u00b0C en Ap\u00f3stoles con 0 \u00b0C de sensaci\u00f3n t\u00e9rmica.<\/p>\n\n\n\n<p class=\"wp-block-paragraph\">En tanto el pron\u00f3stico indica que el m<strong>i\u00e9rcoles 01 de junio, el pron\u00f3stico indica que se registraran \u00e1reas de inestabilidad provenientes del norte provocar\u00e1n lluvias de variada intensidad desde la ma\u00f1ana en zona norte, abarcando tambi\u00e9n a la zona centro provincial.<\/strong> Zona sur permanecer\u00eda con cielo cubierto sin precipitaciones. Continuar\u00e1n las bajas temperaturas debido a la masa de aire fr\u00edo que predomina en la regi\u00f3n. La temperaturas m\u00e1xima en la provincia estimada ser\u00e1 de 16 \u00b0C para Iguaz\u00fa, la m\u00ednima ser\u00eda de 6 \u00b0C en Ober\u00e1 con 3 \u00b0C de sensaci\u00f3n t\u00e9rmica.<\/p>\n","protected":false},"excerpt":{"rendered":"<p>La Direcci\u00f3n General de Alerta Temprana\u00a0 dependiente de la Subsecretar\u00eda de Ordenamiento Territorial del Ministerio<\/p>\n","protected":false},"author":1,"featured_media":28215,"comment_status":"open","ping_status":"open","sticky":false,"template":"","format":"standard","meta":{"footnotes":""},"categories":[1,226],"tags":[],"class_list":["post-28214","post","type-post","status-publish","format-standard","has-post-thumbnail","hentry","category-actualidad","category-locales"],"_links":{"self":[{"href":"https:\/\/actualizateiguazu.com\/v3\/wp-json\/wp\/v2\/posts\/28214","targetHints":{"allow":["GET"]}}],"collection":[{"href":"https:\/\/actualizateiguazu.com\/v3\/wp-json\/wp\/v2\/posts"}],"about":[{"href":"https:\/\/actualizateiguazu.com\/v3\/wp-json\/wp\/v2\/types\/post"}],"author":[{"embeddable":true,"href":"https:\/\/actualizateiguazu.com\/v3\/wp-json\/wp\/v2\/users\/1"}],"replies":[{"embeddable":true,"href":"https:\/\/actualizateiguazu.com\/v3\/wp-json\/wp\/v2\/comments?post=28214"}],"version-history":[{"count":1,"href":"https:\/\/actualizateiguazu.com\/v3\/wp-json\/wp\/v2\/posts\/28214\/revisions"}],"predecessor-version":[{"id":28216,"href":"https:\/\/actualizateiguazu.com\/v3\/wp-json\/wp\/v2\/posts\/28214\/revisions\/28216"}],"wp:featuredmedia":[{"embeddable":true,"href":"https:\/\/actualizateiguazu.com\/v3\/wp-json\/wp\/v2\/media\/28215"}],"wp:attachment":[{"href":"https:\/\/actualizateiguazu.com\/v3\/wp-json\/wp\/v2\/media?parent=28214"}],"wp:term":[{"taxonomy":"category","embeddable":true,"href":"https:\/\/actualizateiguazu.com\/v3\/wp-json\/wp\/v2\/categories?post=28214"},{"taxonomy":"post_tag","embeddable":true,"href":"https:\/\/actualizateiguazu.com\/v3\/wp-json\/wp\/v2\/tags?post=28214"}],"curies":[{"name":"wp","href":"https:\/\/api.w.org\/{rel}","templated":true}]}}