{"id":28253,"date":"2022-05-31T00:22:30","date_gmt":"2022-05-31T00:22:30","guid":{"rendered":"https:\/\/actualizateiguazu.com\/v3\/?p=28253"},"modified":"2022-05-31T00:22:34","modified_gmt":"2022-05-31T00:22:34","slug":"la-selva-no-existe-nueva-pelicula-que-se-filma-en-misiones","status":"publish","type":"post","link":"https:\/\/actualizateiguazu.com\/v3\/2022\/05\/31\/la-selva-no-existe-nueva-pelicula-que-se-filma-en-misiones\/","title":{"rendered":"\u00abLa Selva no existe\u00bb nueva pelicula que se filma en Misiones"},"content":{"rendered":"\n<p>Con eje en Arroyo del Medio, <strong>se filma en Misiones \u201cLa selva no existe\u201d<\/strong>, tercer largometraje del director Fernando Pacheco, con las actuaciones del reconocido actor argentino Juan Ignacio Machado y los misioneros Sabina Buss y Alan Galarza, quien hace su debut en el cine. <strong>Se trata de una coproducci\u00f3n de Jos\u00e9 \u201cPepe\u201d Salvia (Misiones) y Pel\u00edcano Producciones (Buenos Aires), con apoyo del INCAA y el aporte de 4.000.000 de pesos del Gobierno de la Provincia, a trav\u00e9s del Instituto de Artes Audiovisuales de Misiones (IAAviM), en una fuerte apuesta por consolidar las industrias creativas.<\/strong><\/p>\n\n\n\n<p>El director de \u201cA la deriva\u201d (2011) y \u201cG\u00e9minis\u201d (rodada durante la pandemia de Covid-19), ambas filmadas en Misiones, vuelve a elegir el paisaje de la tierra colorada como escenario principal para realizar su tercera obra, basada en una idea que tiene m\u00e1s de 10 a\u00f1os y que lo acerca a las experiencias de su abuelo con el monte.&nbsp;<\/p>\n\n\n\n<p>\u201c<strong>La selva no existe es una pel\u00edcula que b\u00e1sicamente trata la historia de un joven muchacho que est\u00e1 buscando su lugar en el mundo, est\u00e1 buscando qui\u00e9n ser, y tiene una abuela, una novia, y un jefe maderero. A partir de la historia de la construcci\u00f3n de estos v\u00ednculos empieza a definirse como ser humano, y obviamente el monte como un actor especial dentro de lo que es la vida de este muchacho, que se llama Kara\u00ed<\/strong>\u201d, cont\u00f3 Pacheco.<\/p>\n\n\n\n<figure class=\"wp-block-image size-large\"><img loading=\"lazy\" decoding=\"async\" width=\"1024\" height=\"682\" src=\"https:\/\/actualizateiguazu.com\/v3\/wp-content\/uploads\/2022\/05\/Director-Pacheco-y-Soledad-Collantes-foquista-1024x682.jpg\" alt=\"\" class=\"wp-image-28257\" srcset=\"https:\/\/actualizateiguazu.com\/v3\/wp-content\/uploads\/2022\/05\/Director-Pacheco-y-Soledad-Collantes-foquista-1024x682.jpg 1024w, https:\/\/actualizateiguazu.com\/v3\/wp-content\/uploads\/2022\/05\/Director-Pacheco-y-Soledad-Collantes-foquista-300x200.jpg 300w, https:\/\/actualizateiguazu.com\/v3\/wp-content\/uploads\/2022\/05\/Director-Pacheco-y-Soledad-Collantes-foquista-768x512.jpg 768w, https:\/\/actualizateiguazu.com\/v3\/wp-content\/uploads\/2022\/05\/Director-Pacheco-y-Soledad-Collantes-foquista-1536x1024.jpg 1536w, https:\/\/actualizateiguazu.com\/v3\/wp-content\/uploads\/2022\/05\/Director-Pacheco-y-Soledad-Collantes-foquista.jpg 2000w\" sizes=\"auto, (max-width: 1024px) 100vw, 1024px\" \/><\/figure>\n\n\n\n<p>Alan Galarza, quien interpreta al joven pe\u00f3n, surgi\u00f3 de la b\u00fasqueda actoral que llev\u00f3 adelante Misiones Casting para esta pel\u00edcula. Los otros dos personajes principales, una bi\u00f3loga y un maderero, son interpretados por la experimentada actriz Sabina Buss (Las fronteras del tiempo, Y la intensa lluvia, Mata Salvaje, entre otras) y Juan Ignacio Machado, actor de teatro, cine y televisi\u00f3n argentino, de gran trayectoria por sus destacados papeles en El descanso, La venganza, Alta Comedia, Ricos y Famosos, Contrafuego, Botineras y La due\u00f1a, entre otros.<\/p>\n\n\n\n<p>\u201c<strong>Daniel Krieger es un empecinado, un hombre que va un poco contra de su naturaleza y de la naturaleza exterior tambi\u00e9n. Un hombre que no quiere darse cuenta que pasan los a\u00f1os, que est\u00e1 grande, que no quiere entregar, no quiere delegar, un hombre que est\u00e1 solo, misteriosamente solo\u2026 para \u00e9l no existe la selva, no existe Dios, no existe nadie m\u00e1s que lo que ve, lo que toca. Algo pas\u00f3 en esa selva, en alg\u00fan momento le pas\u00f3 algo, no se lo dijo a nadie y tiene una pelea personal con la selva\u2026<\/strong>\u201d, detall\u00f3 Machado respecto de su personaje.<\/p>\n\n\n\n<figure class=\"wp-block-image size-large\"><img loading=\"lazy\" decoding=\"async\" width=\"1024\" height=\"682\" src=\"https:\/\/actualizateiguazu.com\/v3\/wp-content\/uploads\/2022\/05\/elenco-practicando-la-escena-1024x682.jpg\" alt=\"\" class=\"wp-image-28254\" srcset=\"https:\/\/actualizateiguazu.com\/v3\/wp-content\/uploads\/2022\/05\/elenco-practicando-la-escena-1024x682.jpg 1024w, https:\/\/actualizateiguazu.com\/v3\/wp-content\/uploads\/2022\/05\/elenco-practicando-la-escena-300x200.jpg 300w, https:\/\/actualizateiguazu.com\/v3\/wp-content\/uploads\/2022\/05\/elenco-practicando-la-escena-768x512.jpg 768w, https:\/\/actualizateiguazu.com\/v3\/wp-content\/uploads\/2022\/05\/elenco-practicando-la-escena-1536x1024.jpg 1536w, https:\/\/actualizateiguazu.com\/v3\/wp-content\/uploads\/2022\/05\/elenco-practicando-la-escena.jpg 2000w\" sizes=\"auto, (max-width: 1024px) 100vw, 1024px\" \/><\/figure>\n\n\n\n<p>El actor se siente a gusto en la provincia y, entre las jornadas de rodaje, aprovecha para conocer el lugar y su gente. Todos los d\u00edas camina hasta el pueblo de Arroyo del Medio acompa\u00f1ado por su perra Chacha, a quien trajo desde Buenos Aires para que act\u00fae junto a \u00e9l.&nbsp;<\/p>\n\n\n\n<p>\u201c<strong>La pel\u00edcula es hermosa, la direcci\u00f3n de Fernando Pacheco es b\u00e1rbara, la producci\u00f3n de Pepe Salvia, a quien le debo agradecer tanto, un colono, un tipo que apost\u00f3 a la provincia\u2026 Es muy importante para mi volver a verlo, adem\u00e1s de ser un gran productor que tiene 30 pel\u00edculas en el lomo, de las cuales 25 fue productor y las otras 5 las carg\u00f3 y sabemos que, adem\u00e1s, el cine es una inversi\u00f3n de riesgo, y \u00e9l sigue apostando, es un empecinado peor que Krieger, \u00e9l sigue con el cine y apuesta a la provincia<\/strong>\u201d, resalt\u00f3 el actor.<\/p>\n\n\n\n<p>Por su parte, Sabina Buss vuelve a ser protagonista y destaca la posibilidad de desarrollar su profesi\u00f3n dentro del pa\u00eds, en especial en la provincia. \u201cCreo que lo interesante de este a\u00f1o es que venimos haciendo diferentes producciones, entonces tambi\u00e9n vamos conociendo las distintas formas de hacer cine, que no son siempre las mismas desde la producci\u00f3n, desde la direcci\u00f3n, desde la actuaci\u00f3n, desde el guion. As\u00ed que este a\u00f1o nos trajo como unas m\u00e1gicas nuevas experiencias\u201d, cont\u00f3 la actriz.<\/p>\n\n\n\n<p>El equipo t\u00e9cnico que participa de la pel\u00edcula es casi en su totalidad misionero y, otro hecho para destacar, es que en esta producci\u00f3n hay paridad de g\u00e9nero, logro que Marcia Majcher, asistente de producci\u00f3n, relaciona con el trabajo de colectivos de la provincia como Mutar (Mujeres y Diversidades Trabajadoras del Audiovisual) que, a trav\u00e9s de capacitaciones y articulaci\u00f3n en red, hacen visible la importancia y necesidad de que haya mayor participaci\u00f3n de estos grupos en las producciones.<\/p>\n\n\n\n<figure class=\"wp-block-image size-large\"><img loading=\"lazy\" decoding=\"async\" width=\"1024\" height=\"682\" src=\"https:\/\/actualizateiguazu.com\/v3\/wp-content\/uploads\/2022\/05\/Fernando-Pacheco-2-1024x682.jpg\" alt=\"\" class=\"wp-image-28255\" srcset=\"https:\/\/actualizateiguazu.com\/v3\/wp-content\/uploads\/2022\/05\/Fernando-Pacheco-2-1024x682.jpg 1024w, https:\/\/actualizateiguazu.com\/v3\/wp-content\/uploads\/2022\/05\/Fernando-Pacheco-2-300x200.jpg 300w, https:\/\/actualizateiguazu.com\/v3\/wp-content\/uploads\/2022\/05\/Fernando-Pacheco-2-768x512.jpg 768w, https:\/\/actualizateiguazu.com\/v3\/wp-content\/uploads\/2022\/05\/Fernando-Pacheco-2-1536x1024.jpg 1536w, https:\/\/actualizateiguazu.com\/v3\/wp-content\/uploads\/2022\/05\/Fernando-Pacheco-2.jpg 2000w\" sizes=\"auto, (max-width: 1024px) 100vw, 1024px\" \/><\/figure>\n\n\n\n<p>\u201c<strong>La verdad que filmar una pel\u00edcula en este contexto es un peque\u00f1o gran milagro, es cada vez m\u00e1s dif\u00edcil hacer cine, tanto a nivel mundial como a nivel nacional\u201d, coment\u00f3 Pacheco, y agreg\u00f3, \u201cy si lo estamos logrando es porque existe apoyo, sin apoyo es imposible hacer pel\u00edculas, y lo importante de esto tambi\u00e9n es poder contar nuestras historias, poder contarlas y generar trabajo\u2026<\/strong>\u201d.<\/p>\n\n\n\n<p>En la misma l\u00ednea, Juan Ignacio Machado destac\u00f3 el crecimiento de la provincia en materia audiovisual y el impacto econ\u00f3mico que genera esta actividad en sectores que intervienen de manera indirecta. \u201cAc\u00e1 se est\u00e1 haciendo un buen laburo, un muy buen laburo, yo estoy viendo que crece y que crece a pasos agigantados, por gente como Pepe, y por gente como ustedes que le meten garra y explotan su lugar, ac\u00e1 labura el de la caba\u00f1a, labura el remis, labura el que nos hace las pizzas, es la industria de la cultura\u201d, finaliz\u00f3 el actor.<\/p>\n","protected":false},"excerpt":{"rendered":"<p>Con eje en Arroyo del Medio, se filma en Misiones \u201cLa selva no existe\u201d, tercer<\/p>\n","protected":false},"author":1,"featured_media":28256,"comment_status":"open","ping_status":"open","sticky":false,"template":"","format":"standard","meta":{"footnotes":""},"categories":[222],"tags":[],"class_list":["post-28253","post","type-post","status-publish","format-standard","has-post-thumbnail","hentry","category-cultura"],"_links":{"self":[{"href":"https:\/\/actualizateiguazu.com\/v3\/wp-json\/wp\/v2\/posts\/28253","targetHints":{"allow":["GET"]}}],"collection":[{"href":"https:\/\/actualizateiguazu.com\/v3\/wp-json\/wp\/v2\/posts"}],"about":[{"href":"https:\/\/actualizateiguazu.com\/v3\/wp-json\/wp\/v2\/types\/post"}],"author":[{"embeddable":true,"href":"https:\/\/actualizateiguazu.com\/v3\/wp-json\/wp\/v2\/users\/1"}],"replies":[{"embeddable":true,"href":"https:\/\/actualizateiguazu.com\/v3\/wp-json\/wp\/v2\/comments?post=28253"}],"version-history":[{"count":1,"href":"https:\/\/actualizateiguazu.com\/v3\/wp-json\/wp\/v2\/posts\/28253\/revisions"}],"predecessor-version":[{"id":28258,"href":"https:\/\/actualizateiguazu.com\/v3\/wp-json\/wp\/v2\/posts\/28253\/revisions\/28258"}],"wp:featuredmedia":[{"embeddable":true,"href":"https:\/\/actualizateiguazu.com\/v3\/wp-json\/wp\/v2\/media\/28256"}],"wp:attachment":[{"href":"https:\/\/actualizateiguazu.com\/v3\/wp-json\/wp\/v2\/media?parent=28253"}],"wp:term":[{"taxonomy":"category","embeddable":true,"href":"https:\/\/actualizateiguazu.com\/v3\/wp-json\/wp\/v2\/categories?post=28253"},{"taxonomy":"post_tag","embeddable":true,"href":"https:\/\/actualizateiguazu.com\/v3\/wp-json\/wp\/v2\/tags?post=28253"}],"curies":[{"name":"wp","href":"https:\/\/api.w.org\/{rel}","templated":true}]}}