{"id":28263,"date":"2022-05-31T11:21:15","date_gmt":"2022-05-31T11:21:15","guid":{"rendered":"https:\/\/actualizateiguazu.com\/v3\/?p=28263"},"modified":"2022-05-31T11:21:18","modified_gmt":"2022-05-31T11:21:18","slug":"llegaron-las-bajas-temperaturas-sin-embargo-se-preve-lluvia-para-el-miercoles","status":"publish","type":"post","link":"https:\/\/actualizateiguazu.com\/v3\/2022\/05\/31\/llegaron-las-bajas-temperaturas-sin-embargo-se-preve-lluvia-para-el-miercoles\/","title":{"rendered":"Llegaron las bajas temperaturas, sin embargo se prev\u00e9 lluvia para el mi\u00e9rcoles"},"content":{"rendered":"\n<p>La Direcci\u00f3n General de Alerta Temprana dependiente de la Subsecretar\u00eda de Ordenamiento Territorial del Ministerio de Ecolog\u00eda y RNR de la Provincia de Misiones emiti\u00f3 el informe del pronostico del tiempo para los pr\u00f3ximos d\u00edas, <strong>adelant\u00f3 que pese a la llegada de la ola polar que provoco el descenso de la temperatura, se prev\u00e9n lluvias para el mi\u00e9rcoles y jueves en la zona norte de la provinci<\/strong>a.<\/p>\n\n\n\n<p>Para hoy martes se prev\u00e9 tiempo estable con predominio de bajas temperaturas. Se intensifica el ingreso de aire de origen polar en todo el pa\u00eds y se sentir\u00e1 tambi\u00e9n en Misiones. Amanecer\u00e1 fr\u00edo, incluso con chances de heladas en el sureste provincial. <strong>Ser\u00e1 una ma\u00f1ana fr\u00eda y por la tarde las temperaturas estar\u00e1n entre 15\u00b0 y 18\u00b0C. No se esperan precipitaciones, la temperatura m\u00e1xima en la provincia estimada en 18 \u00b0C para Puerto Iguaz\u00fa, la m\u00ednima ser\u00eda de 3 \u00b0C en San Javier con 0 \u00b0C de sensaci\u00f3n t\u00e9rmica.<\/strong><\/p>\n\n\n\n<p>Para el <strong>Mi\u00e9rcoles <\/strong>la direcci\u00f3n de alerta temprana pronostica \u00e1reas de inestabilidad provenientes del norte de Misiones provocar\u00e1n <strong>lluvias de variada intensidad desde la ma\u00f1ana en zona norte<\/strong>, abarcando tambi\u00e9n a la zona centro provincial. Zona sur tendr\u00eda nubosidad en aumento y cielo cubierto a la tarde, sin precipitaciones. Continuar\u00e1n las bajas temperaturas debido a la masa de aire fr\u00edo que predomina en la regi\u00f3n. Respecto a la temperatura, la m\u00e1xima en la provincia estimada en 15 \u00b0C para Iguaz\u00fa, la m\u00ednima ser\u00eda de 5 \u00b0C en Ober\u00e1 con 3 \u00b0C de sensaci\u00f3n t\u00e9rmica.<\/p>\n\n\n\n<p>Ya el <strong>jueves 02 de junio, un frente fr\u00edo todav\u00eda provoca episodios de lluvias aisladas en una franja que afecta desde zona centro hasta la zona norte provincial<\/strong>. En funci\u00f3n de un nuevo sistema de baja presi\u00f3n y el ingreso de humedad proveniente de la cuenca amaz\u00f3nica, las lluvias y lloviznas se desarrollar\u00e1n por la ma\u00f1ana y hasta el mediod\u00eda. Mientras tanto la zona sur permanecer\u00e1 con cielo mayormente cubierto sin precipitaciones. Con vientos leves predominantes del sector sur, los amaneceres y noches ser\u00e1n de frescas a fr\u00edas.&nbsp; La temperaturas m\u00e1xima estimada en la provincia es 17\u00b0C para Iguaz\u00fa, la m\u00ednima ser\u00eda de 7 \u00b0C para Ap\u00f3stoles con 5 \u00b0C de sensaci\u00f3n t\u00e9rmica.<\/p>\n","protected":false},"excerpt":{"rendered":"<p>La Direcci\u00f3n General de Alerta Temprana dependiente de la Subsecretar\u00eda de Ordenamiento Territorial del Ministerio<\/p>\n","protected":false},"author":1,"featured_media":28264,"comment_status":"open","ping_status":"open","sticky":false,"template":"","format":"standard","meta":{"footnotes":""},"categories":[1,226],"tags":[],"class_list":["post-28263","post","type-post","status-publish","format-standard","has-post-thumbnail","hentry","category-actualidad","category-locales"],"_links":{"self":[{"href":"https:\/\/actualizateiguazu.com\/v3\/wp-json\/wp\/v2\/posts\/28263","targetHints":{"allow":["GET"]}}],"collection":[{"href":"https:\/\/actualizateiguazu.com\/v3\/wp-json\/wp\/v2\/posts"}],"about":[{"href":"https:\/\/actualizateiguazu.com\/v3\/wp-json\/wp\/v2\/types\/post"}],"author":[{"embeddable":true,"href":"https:\/\/actualizateiguazu.com\/v3\/wp-json\/wp\/v2\/users\/1"}],"replies":[{"embeddable":true,"href":"https:\/\/actualizateiguazu.com\/v3\/wp-json\/wp\/v2\/comments?post=28263"}],"version-history":[{"count":1,"href":"https:\/\/actualizateiguazu.com\/v3\/wp-json\/wp\/v2\/posts\/28263\/revisions"}],"predecessor-version":[{"id":28265,"href":"https:\/\/actualizateiguazu.com\/v3\/wp-json\/wp\/v2\/posts\/28263\/revisions\/28265"}],"wp:featuredmedia":[{"embeddable":true,"href":"https:\/\/actualizateiguazu.com\/v3\/wp-json\/wp\/v2\/media\/28264"}],"wp:attachment":[{"href":"https:\/\/actualizateiguazu.com\/v3\/wp-json\/wp\/v2\/media?parent=28263"}],"wp:term":[{"taxonomy":"category","embeddable":true,"href":"https:\/\/actualizateiguazu.com\/v3\/wp-json\/wp\/v2\/categories?post=28263"},{"taxonomy":"post_tag","embeddable":true,"href":"https:\/\/actualizateiguazu.com\/v3\/wp-json\/wp\/v2\/tags?post=28263"}],"curies":[{"name":"wp","href":"https:\/\/api.w.org\/{rel}","templated":true}]}}