{"id":28534,"date":"2022-06-07T15:33:25","date_gmt":"2022-06-07T15:33:25","guid":{"rendered":"https:\/\/actualizateiguazu.com\/v3\/?p=28534"},"modified":"2022-06-07T15:33:29","modified_gmt":"2022-06-07T15:33:29","slug":"justicia-por-bruno-es-un-dia-gris-para-nosotros-hoy-cumpliria-25-anos","status":"publish","type":"post","link":"https:\/\/actualizateiguazu.com\/v3\/2022\/06\/07\/justicia-por-bruno-es-un-dia-gris-para-nosotros-hoy-cumpliria-25-anos\/","title":{"rendered":"Justicia por Bruno: \u201cEs un d\u00eda gris para nosotros, hoy cumplir\u00eda 25 a\u00f1os\u201d"},"content":{"rendered":"\n<p>Tras dos meses del brutal asesinato de Bruno M\u00e9ndez que fue ultimado en la casa del \u00fanico imputado Jonathan Ferreira conocido como \u201cel Polaquito\u201d, tras compartir una ronda de tragos y de defender a su pareja. Familiares se acercaron al Juzgado de Instrucci\u00f3n N\u00b0 3 para exigir justicia y conocer c\u00f3mo avanza la causa. Los familiares decidieron manifestarse hoy porque el joven cumplir\u00eda 25 a\u00f1os, aprovecharon para visibilizar el pedido de justicia pegando carteles con globos grises y negros.<\/p>\n\n\n\n<p>\u201c<strong>Hoy es un d\u00eda gris para nosotros, Bruno cumplir\u00eda 25 a\u00f1os y no hay nada que celebrar, solo nos queda recordarlo y exigir que el Polaquito pague por el da\u00f1o que hizo<\/strong>\u201d manifest\u00f3 Nancy prima del joven asesinado.<\/p>\n\n\n\n<figure class=\"wp-block-image size-large\"><img loading=\"lazy\" decoding=\"async\" width=\"726\" height=\"1024\" src=\"https:\/\/actualizateiguazu.com\/v3\/wp-content\/uploads\/2022\/06\/WhatsApp-Image-2022-06-07-at-11.47.35-AM-726x1024.jpeg\" alt=\"\" class=\"wp-image-28538\" srcset=\"https:\/\/actualizateiguazu.com\/v3\/wp-content\/uploads\/2022\/06\/WhatsApp-Image-2022-06-07-at-11.47.35-AM-726x1024.jpeg 726w, https:\/\/actualizateiguazu.com\/v3\/wp-content\/uploads\/2022\/06\/WhatsApp-Image-2022-06-07-at-11.47.35-AM-213x300.jpeg 213w, https:\/\/actualizateiguazu.com\/v3\/wp-content\/uploads\/2022\/06\/WhatsApp-Image-2022-06-07-at-11.47.35-AM-768x1084.jpeg 768w, https:\/\/actualizateiguazu.com\/v3\/wp-content\/uploads\/2022\/06\/WhatsApp-Image-2022-06-07-at-11.47.35-AM.jpeg 907w\" sizes=\"auto, (max-width: 726px) 100vw, 726px\" \/><\/figure>\n\n\n\n<p>El padre, hermanos, primos y t\u00edos se congregaron frente al Juzgado de instrucci\u00f3n N\u00b0 3 para exigir justicia y poder interiorizarse de los avances de la causa \u201c<strong>quer\u00edamos que nos atienda el fiscal, pero ten\u00eda mucho trabajo. La semana pasada nos dijeron que nos qued\u00e1ramos tranquilos que hab\u00eda muchas pruebas, pero queremos ver esas pruebas<\/strong>\u201d recalc\u00f3 Nancy<\/p>\n\n\n\n<p>La mujer cont\u00f3 que est\u00e1n esperando una copia del expediente que solicitaron hace un mes, \u201ctodav\u00eda esperamos la copia del expediente, nos dijeron que el informe de la autopsia a\u00fan no est\u00e1, que faltan los estudios de ADN. Nosotros queremos estar seguros que no va a salir como paso otras veces. Tambi\u00e9n preguntamos en que c\u00e1rcel esta y no nos dicen\u201d<\/p>\n\n\n\n<p><\/p>\n\n\n\n<figure class=\"wp-block-image size-large\"><img loading=\"lazy\" decoding=\"async\" width=\"658\" height=\"1024\" src=\"https:\/\/actualizateiguazu.com\/v3\/wp-content\/uploads\/2022\/06\/WhatsApp-Image-2022-06-07-at-11.58.05-AM-658x1024.jpeg\" alt=\"\" class=\"wp-image-28536\" srcset=\"https:\/\/actualizateiguazu.com\/v3\/wp-content\/uploads\/2022\/06\/WhatsApp-Image-2022-06-07-at-11.58.05-AM-658x1024.jpeg 658w, https:\/\/actualizateiguazu.com\/v3\/wp-content\/uploads\/2022\/06\/WhatsApp-Image-2022-06-07-at-11.58.05-AM-193x300.jpeg 193w, https:\/\/actualizateiguazu.com\/v3\/wp-content\/uploads\/2022\/06\/WhatsApp-Image-2022-06-07-at-11.58.05-AM-768x1194.jpeg 768w, https:\/\/actualizateiguazu.com\/v3\/wp-content\/uploads\/2022\/06\/WhatsApp-Image-2022-06-07-at-11.58.05-AM.jpeg 823w\" sizes=\"auto, (max-width: 658px) 100vw, 658px\" \/><\/figure>\n\n\n\n<p><strong>El caso<\/strong><\/p>\n\n\n\n<p>Fuentes del caso reconstruyeron, en base al testimonio de la muchacha, que el pasado 4 de abril, la pareja estaba bebiendo en la casa de Ferreira hasta que le pidieron una habitaci\u00f3n para tener relaciones sexuales y el due\u00f1o de casa les facilit\u00f3 el lugar.<\/p>\n\n\n\n<p>Sin embargo, en pleno acto se meti\u00f3 en la pieza y quiso propasarse con la joven, por lo que inmediatamente M\u00e9ndez lo empuj\u00f3. Entonces se inici\u00f3 una pelea.<\/p>\n\n\n\n<p>En la habitaci\u00f3n empezaron los empujones y gritos hasta que Ferreira apu\u00f1al\u00f3 a M\u00e9ndez. Luego lo llev\u00f3 hasta la sala, donde lo atac\u00f3 nuevamente, por lo que la v\u00edctima qued\u00f3 en el piso malherida. En esa instancia, Polaquito volvi\u00f3 al cuarto.<\/p>\n\n\n\n<p>Lejos de que el infierno se termine ah\u00ed, el homicida subi\u00f3 la m\u00fasica de la casa a todo volumen para que afuera no se escuchara lo que ocurr\u00eda, vali\u00e9ndose de eso para violar a la joven.<\/p>\n\n\n\n<p>La v\u00edctima se\u00f1al\u00f3 que el ultraje se repiti\u00f3 durante mucho tiempo mientras su novio agonizaba y gritaba en la otra sala y su hijo dorm\u00eda -lo hizo toda la noche- en otro sector de la casa.<\/p>\n\n\n\n<p>Luego de cometer los abusos, volvi\u00f3 a la sala y con la misma arma remat\u00f3 a la v\u00edctima, asestando pu\u00f1aladas en \u00f3rganos vitales. La joven pudo escapar reci\u00e9n al otro d\u00eda, cuando gan\u00f3 el patio por la puerta trasera y empez\u00f3 a pedir ayuda a los gritos.<\/p>\n","protected":false},"excerpt":{"rendered":"<p>Tras dos meses del brutal asesinato de Bruno M\u00e9ndez que fue ultimado en la casa<\/p>\n","protected":false},"author":1,"featured_media":28535,"comment_status":"open","ping_status":"open","sticky":false,"template":"","format":"standard","meta":{"footnotes":""},"categories":[1,226],"tags":[],"class_list":["post-28534","post","type-post","status-publish","format-standard","has-post-thumbnail","hentry","category-actualidad","category-locales"],"_links":{"self":[{"href":"https:\/\/actualizateiguazu.com\/v3\/wp-json\/wp\/v2\/posts\/28534","targetHints":{"allow":["GET"]}}],"collection":[{"href":"https:\/\/actualizateiguazu.com\/v3\/wp-json\/wp\/v2\/posts"}],"about":[{"href":"https:\/\/actualizateiguazu.com\/v3\/wp-json\/wp\/v2\/types\/post"}],"author":[{"embeddable":true,"href":"https:\/\/actualizateiguazu.com\/v3\/wp-json\/wp\/v2\/users\/1"}],"replies":[{"embeddable":true,"href":"https:\/\/actualizateiguazu.com\/v3\/wp-json\/wp\/v2\/comments?post=28534"}],"version-history":[{"count":1,"href":"https:\/\/actualizateiguazu.com\/v3\/wp-json\/wp\/v2\/posts\/28534\/revisions"}],"predecessor-version":[{"id":28539,"href":"https:\/\/actualizateiguazu.com\/v3\/wp-json\/wp\/v2\/posts\/28534\/revisions\/28539"}],"wp:featuredmedia":[{"embeddable":true,"href":"https:\/\/actualizateiguazu.com\/v3\/wp-json\/wp\/v2\/media\/28535"}],"wp:attachment":[{"href":"https:\/\/actualizateiguazu.com\/v3\/wp-json\/wp\/v2\/media?parent=28534"}],"wp:term":[{"taxonomy":"category","embeddable":true,"href":"https:\/\/actualizateiguazu.com\/v3\/wp-json\/wp\/v2\/categories?post=28534"},{"taxonomy":"post_tag","embeddable":true,"href":"https:\/\/actualizateiguazu.com\/v3\/wp-json\/wp\/v2\/tags?post=28534"}],"curies":[{"name":"wp","href":"https:\/\/api.w.org\/{rel}","templated":true}]}}