{"id":28541,"date":"2022-06-08T00:47:22","date_gmt":"2022-06-08T00:47:22","guid":{"rendered":"https:\/\/actualizateiguazu.com\/v3\/?p=28541"},"modified":"2022-06-08T00:47:25","modified_gmt":"2022-06-08T00:47:25","slug":"detuvieron-a-un-hombre-por-acosar-a-una-adolescente-en-barrio-nuevo-iguazu","status":"publish","type":"post","link":"https:\/\/actualizateiguazu.com\/v3\/2022\/06\/08\/detuvieron-a-un-hombre-por-acosar-a-una-adolescente-en-barrio-nuevo-iguazu\/","title":{"rendered":"Detuvieron a un hombre por acosar a una adolescente en barrio Nuevo Iguaz\u00fa"},"content":{"rendered":"\n<p>Un hombre de 36 a\u00f1os, fue demorado hoy en el barrio Nuevo Iguaz\u00fa de esta localidad, cuando era agredido por el padre de una menor y otros vecinos, <strong>se\u00f1alado de haber acosado a una adolescente de 13 a\u00f1os que caminaba rumbo a un centro educativo.<\/strong><\/p>\n\n\n\n<p>Seg\u00fan la denuncia del padre 31 a\u00f1os, <strong>el 31 de mayo su hija se iba a un centro educativo, cuando el se\u00f1alado se acerc\u00f3 con su veh\u00edculo y comenz\u00f3 a acosarla verbalmente y en un momento abri\u00f3 la puerta invit\u00e1ndola a que se suba al autom\u00f3vil.<\/strong><\/p>\n\n\n\n<p>En ese instante, la menor logr\u00f3 sacar su tel\u00e9fono celular y fotografiarlo, seg\u00fan asegur\u00f3 el padre. Luego la v\u00edctima regres\u00f3 a su casa, le inform\u00f3 lo sucedido a su progenitor y este comenz\u00f3 a buscar al autor de lo sucedido.<\/p>\n\n\n\n<p>En ese contexto, <strong>hoy 10:45 horas, el padre de la menor ubic\u00f3 al hombre y en el barrio antes mencionado y junto a otras tres personas comenzaron a agredirlo<\/strong>.<\/p>\n\n\n\n<p>Los agentes de la comisar\u00eda de la Mujer, aprehendieron al acusado, quien fue trasladado al hospital local, donde le diagnosticaron contusiones y luego fue resguardado en sede policial a disposici\u00f3n de la Justicia<\/p>\n","protected":false},"excerpt":{"rendered":"<p>Un hombre de 36 a\u00f1os, fue demorado hoy en el barrio Nuevo Iguaz\u00fa de esta<\/p>\n","protected":false},"author":1,"featured_media":28542,"comment_status":"open","ping_status":"open","sticky":false,"template":"","format":"standard","meta":{"footnotes":""},"categories":[1,226,228],"tags":[],"class_list":["post-28541","post","type-post","status-publish","format-standard","has-post-thumbnail","hentry","category-actualidad","category-locales","category-policiales"],"_links":{"self":[{"href":"https:\/\/actualizateiguazu.com\/v3\/wp-json\/wp\/v2\/posts\/28541","targetHints":{"allow":["GET"]}}],"collection":[{"href":"https:\/\/actualizateiguazu.com\/v3\/wp-json\/wp\/v2\/posts"}],"about":[{"href":"https:\/\/actualizateiguazu.com\/v3\/wp-json\/wp\/v2\/types\/post"}],"author":[{"embeddable":true,"href":"https:\/\/actualizateiguazu.com\/v3\/wp-json\/wp\/v2\/users\/1"}],"replies":[{"embeddable":true,"href":"https:\/\/actualizateiguazu.com\/v3\/wp-json\/wp\/v2\/comments?post=28541"}],"version-history":[{"count":1,"href":"https:\/\/actualizateiguazu.com\/v3\/wp-json\/wp\/v2\/posts\/28541\/revisions"}],"predecessor-version":[{"id":28543,"href":"https:\/\/actualizateiguazu.com\/v3\/wp-json\/wp\/v2\/posts\/28541\/revisions\/28543"}],"wp:featuredmedia":[{"embeddable":true,"href":"https:\/\/actualizateiguazu.com\/v3\/wp-json\/wp\/v2\/media\/28542"}],"wp:attachment":[{"href":"https:\/\/actualizateiguazu.com\/v3\/wp-json\/wp\/v2\/media?parent=28541"}],"wp:term":[{"taxonomy":"category","embeddable":true,"href":"https:\/\/actualizateiguazu.com\/v3\/wp-json\/wp\/v2\/categories?post=28541"},{"taxonomy":"post_tag","embeddable":true,"href":"https:\/\/actualizateiguazu.com\/v3\/wp-json\/wp\/v2\/tags?post=28541"}],"curies":[{"name":"wp","href":"https:\/\/api.w.org\/{rel}","templated":true}]}}