{"id":28544,"date":"2022-06-08T10:20:30","date_gmt":"2022-06-08T10:20:30","guid":{"rendered":"https:\/\/actualizateiguazu.com\/v3\/?p=28544"},"modified":"2022-06-08T10:20:37","modified_gmt":"2022-06-08T10:20:37","slug":"desde-hoy-los-turistas-vuelven-a-disfrutar-de-la-imponente-vista-de-la-garganta-del-diablo","status":"publish","type":"post","link":"https:\/\/actualizateiguazu.com\/v3\/2022\/06\/08\/desde-hoy-los-turistas-vuelven-a-disfrutar-de-la-imponente-vista-de-la-garganta-del-diablo\/","title":{"rendered":"Desde hoy los turistas vuelven a disfrutar de la imponente vista de la Garganta del Diablo"},"content":{"rendered":"\n<p>Desde el Parque Nacional Iguaz\u00fa informaron que luego de la \u00faltima revisi\u00f3n que se realiz\u00f3 a las 17 horas del martes, <strong>se decidi\u00f3 habilitar el Circuito Garganta Del Diablo que est\u00e1 en perfectas condiciones para la visita y sobre todo es un recorrido seguro para los trabajadores y visitantes<\/strong>.<\/p>\n\n\n\n<p>El circuito Garganta del Diablo debi\u00f3 ser cerrado de forma preventiva el pasado 1 de junio en horas de la tarde para resguardar la integridad f\u00edsica del visitantes y se procedi\u00f3 al rebatimiento de las barandas para conservar en buen estado las instalaciones, debido al aumento del caudal del rio Iguaz\u00fa se registr\u00f3 luego de intensas lluvias en las cuencas del rio.<\/p>\n\n\n\n<figure class=\"wp-block-image size-large\"><img loading=\"lazy\" decoding=\"async\" width=\"1024\" height=\"682\" src=\"https:\/\/actualizateiguazu.com\/v3\/wp-content\/uploads\/2022\/06\/WhatsApp-Image-2022-06-07-at-4.06.40-PM-1-1024x682.jpeg\" alt=\"\" class=\"wp-image-28546\" srcset=\"https:\/\/actualizateiguazu.com\/v3\/wp-content\/uploads\/2022\/06\/WhatsApp-Image-2022-06-07-at-4.06.40-PM-1-1024x682.jpeg 1024w, https:\/\/actualizateiguazu.com\/v3\/wp-content\/uploads\/2022\/06\/WhatsApp-Image-2022-06-07-at-4.06.40-PM-1-300x200.jpeg 300w, https:\/\/actualizateiguazu.com\/v3\/wp-content\/uploads\/2022\/06\/WhatsApp-Image-2022-06-07-at-4.06.40-PM-1-768x512.jpeg 768w, https:\/\/actualizateiguazu.com\/v3\/wp-content\/uploads\/2022\/06\/WhatsApp-Image-2022-06-07-at-4.06.40-PM-1.jpeg 1280w\" sizes=\"auto, (max-width: 1024px) 100vw, 1024px\" \/><\/figure>\n\n\n\n<p>La Intendencia del Parque Nacional inform\u00f3 que, a partir del descenso paulatino que se observaron actualmente en el caudal del R\u00edo Iguaz\u00fa superior, <strong>el domingo comenzaron a trabajar en la restauraci\u00f3n de las barandas de los 1.100 metros de pasarela y del balc\u00f3n del Circuito Garganta del Diablo, para la reapertura. El caudal de agua permanece superior al normal, en la tarde del martes alcanzo 4.<\/strong>150 <strong>metros c\u00fabicos.<\/strong><\/p>\n\n\n\n<p>Cabe destacar que el personal t\u00e9cnico de la Empresa concesionaria IASA, junto a los agentes del Parque Nacional Iguaz\u00fa, inspeccionaron el trabajo\u00a0 a lo largo de la pasarela y el \u00e1rea del mirador central. Para que despu\u00e9s los colaboradores de la empresa concesionaria procedieran a realizar el trabajo de puesta en condiciones y limpieza del lugar para iniciar la jornada del mi\u00e9rcoles.<\/p>\n\n\n\n<figure class=\"wp-block-image size-large\"><img loading=\"lazy\" decoding=\"async\" width=\"1024\" height=\"682\" src=\"https:\/\/actualizateiguazu.com\/v3\/wp-content\/uploads\/2022\/06\/WhatsApp-Image-2022-06-07-at-4.06.40-PM-2-1024x682.jpeg\" alt=\"\" class=\"wp-image-28545\" srcset=\"https:\/\/actualizateiguazu.com\/v3\/wp-content\/uploads\/2022\/06\/WhatsApp-Image-2022-06-07-at-4.06.40-PM-2-1024x682.jpeg 1024w, https:\/\/actualizateiguazu.com\/v3\/wp-content\/uploads\/2022\/06\/WhatsApp-Image-2022-06-07-at-4.06.40-PM-2-300x200.jpeg 300w, https:\/\/actualizateiguazu.com\/v3\/wp-content\/uploads\/2022\/06\/WhatsApp-Image-2022-06-07-at-4.06.40-PM-2-768x512.jpeg 768w, https:\/\/actualizateiguazu.com\/v3\/wp-content\/uploads\/2022\/06\/WhatsApp-Image-2022-06-07-at-4.06.40-PM-2.jpeg 1280w\" sizes=\"auto, (max-width: 1024px) 100vw, 1024px\" \/><\/figure>\n\n\n\n<p><strong>El pico m\u00e1ximo de la crecida se registr\u00f3 el jueves 3 de junio a las 14 horas, en ese momento el caudal alcanzo los 10.500 metros c\u00fabicos, luego comenz\u00f3 a descender de forma progresiva, no obstante desde Parques Nacionales consideran que a\u00fan no es seguro para el visitante y decidieron posponer la apertura hasta que el nivel del agua llegue a 6.000 metros c\u00fabicos. El s\u00e1bado a las 16hs se registraron 7.260 metros c\u00fabicos por segundo.<\/strong><\/p>\n\n\n\n<p>Este tipo de crecidas extraordinarias se registran generalmente en el mes de junio, pero con los cambios clim\u00e1ticos estas fluctuaciones son m\u00e1s dif\u00edciles de prever, sobre todo teniendo en cuenta los a\u00f1os de sequ\u00eda que se registraron en los \u00faltimos tiempos.<\/p>\n\n\n\n<p>Las estad\u00edsticas indican que en el a\u00f1o 2013 el rio Iguaz\u00fa alcanz\u00f3 un pico de 19.000 metros c\u00fabicos en el mes de junio, al a\u00f1o siguiente en el mismo mes la crecida fue extraordinaria alcanzando los 47.500 metros c\u00fabicos, dicho a\u00f1o un tramo de las pasarelas y parte del balc\u00f3n de garganta fueron arrastrados por la fuerza del agua. Luego en diciembre del 2.015 tambi\u00e9n se volvi\u00f3 a registrar una crecida que provoco el cierre del circuito Garganta del Diablo con un registro menor al anterior, con 11.000 metros c\u00fabicos por segundo.<\/p>\n","protected":false},"excerpt":{"rendered":"<p>Desde el Parque Nacional Iguaz\u00fa informaron que luego de la \u00faltima revisi\u00f3n que se realiz\u00f3<\/p>\n","protected":false},"author":1,"featured_media":28547,"comment_status":"open","ping_status":"open","sticky":false,"template":"","format":"standard","meta":{"footnotes":""},"categories":[1,226],"tags":[],"class_list":["post-28544","post","type-post","status-publish","format-standard","has-post-thumbnail","hentry","category-actualidad","category-locales"],"_links":{"self":[{"href":"https:\/\/actualizateiguazu.com\/v3\/wp-json\/wp\/v2\/posts\/28544","targetHints":{"allow":["GET"]}}],"collection":[{"href":"https:\/\/actualizateiguazu.com\/v3\/wp-json\/wp\/v2\/posts"}],"about":[{"href":"https:\/\/actualizateiguazu.com\/v3\/wp-json\/wp\/v2\/types\/post"}],"author":[{"embeddable":true,"href":"https:\/\/actualizateiguazu.com\/v3\/wp-json\/wp\/v2\/users\/1"}],"replies":[{"embeddable":true,"href":"https:\/\/actualizateiguazu.com\/v3\/wp-json\/wp\/v2\/comments?post=28544"}],"version-history":[{"count":1,"href":"https:\/\/actualizateiguazu.com\/v3\/wp-json\/wp\/v2\/posts\/28544\/revisions"}],"predecessor-version":[{"id":28548,"href":"https:\/\/actualizateiguazu.com\/v3\/wp-json\/wp\/v2\/posts\/28544\/revisions\/28548"}],"wp:featuredmedia":[{"embeddable":true,"href":"https:\/\/actualizateiguazu.com\/v3\/wp-json\/wp\/v2\/media\/28547"}],"wp:attachment":[{"href":"https:\/\/actualizateiguazu.com\/v3\/wp-json\/wp\/v2\/media?parent=28544"}],"wp:term":[{"taxonomy":"category","embeddable":true,"href":"https:\/\/actualizateiguazu.com\/v3\/wp-json\/wp\/v2\/categories?post=28544"},{"taxonomy":"post_tag","embeddable":true,"href":"https:\/\/actualizateiguazu.com\/v3\/wp-json\/wp\/v2\/tags?post=28544"}],"curies":[{"name":"wp","href":"https:\/\/api.w.org\/{rel}","templated":true}]}}