{"id":28557,"date":"2022-06-08T12:36:47","date_gmt":"2022-06-08T12:36:47","guid":{"rendered":"https:\/\/actualizateiguazu.com\/v3\/?p=28557"},"modified":"2022-06-08T12:36:49","modified_gmt":"2022-06-08T12:36:49","slug":"los-hermanos-nunez-se-embarcan-en-una-nueva-gira-por-todo-el-pais","status":"publish","type":"post","link":"https:\/\/actualizateiguazu.com\/v3\/2022\/06\/08\/los-hermanos-nunez-se-embarcan-en-una-nueva-gira-por-todo-el-pais\/","title":{"rendered":"Los hermanos Nu\u00f1ez se embarcan en una nueva gira por todo el pa\u00eds"},"content":{"rendered":"\n<p>El \u00faltimo disco de los hermanos Juan (Bandone\u00f3n) y Marcos (Guitarra), Tres fronteras, data de a mediados del 2017. C<strong>inco a\u00f1os pasaron de esta obra musical que expon\u00eda por primera vez a las composiciones propias de estos hermanos oriundos de Campo Viera<\/strong>. Este disco no solo fue elegido como el mejor disco del g\u00e9nero ch\u00e1mame en los premios Gardel, sino que tambi\u00e9n les vali\u00f3 la realizaci\u00f3n de un documental titulado \u00abTres fronteras, el sonido de los hermanos Nu\u00f1ez\u00bb, material dirigido por, el realizador Eli\u00e1n Guer\u00edn. Es que en este campo tambi\u00e9n incursionaron. En su curr\u00edculum, se encuentra un cortometraje de ficci\u00f3n, \u00abLos tiempos han cambiado\u00bb, dirigido por Augusto Gonz\u00e1lez Polo. En el cual los hermanos son los protagonistas.<\/p>\n\n\n\n<p>Todo esto pasa, sucede y se proyecta en el universo de una de la dupla musical m\u00e1s exquisita del pa\u00eds. En estos tiempos post pandemia, volvieron a tomar ritmo y se pusieron a grabar su cuarto disco de estudio a nivel nacional, c\u00f3mo lo denominan ellos. <strong>Con la vuelta a los escenarios, los hermanos tienen como plan hacer conocer este material antes de fin de a\u00f1o. Mientras tanto, junto a sus compa\u00f1eros de ruta: Jos\u00e9 Daniel (voz), Diego Vel\u00e1zquez (bajo) y el percusionista Fernando Solis, tienen en mente recorrer escenarios durante lo que queda del a\u00f1o, en una gira titulada \u00ab30 a\u00f1os juntos\u00bb<\/strong>.<\/p>\n\n\n\n<p>La primera fecha de esta serie de conciertos se realiz\u00f3 el mes pasado en su ciudad natal, en el marco de la fiesta del t\u00e9. Este jueves 9, dar\u00e1n un show en el Caf\u00e9 Berl\u00edn, sala de conciertos de Buenos Aires, y al d\u00eda siguiente, actuar\u00e1n en Distrito 7 de Rosario. En cuanto a una posible presentaci\u00f3n del nuevo material en la provincia, Juan \u00abPico \u00bb Nu\u00f1ez adelant\u00f3 que se est\u00e1 trabajando en la posibilidad de realizar dos show multitudinarios, uno en la capital y otro en su localidad.<\/p>\n","protected":false},"excerpt":{"rendered":"<p>El \u00faltimo disco de los hermanos Juan (Bandone\u00f3n) y Marcos (Guitarra), Tres fronteras, data de<\/p>\n","protected":false},"author":1,"featured_media":28558,"comment_status":"open","ping_status":"open","sticky":false,"template":"","format":"standard","meta":{"footnotes":""},"categories":[222],"tags":[],"class_list":["post-28557","post","type-post","status-publish","format-standard","has-post-thumbnail","hentry","category-cultura"],"_links":{"self":[{"href":"https:\/\/actualizateiguazu.com\/v3\/wp-json\/wp\/v2\/posts\/28557","targetHints":{"allow":["GET"]}}],"collection":[{"href":"https:\/\/actualizateiguazu.com\/v3\/wp-json\/wp\/v2\/posts"}],"about":[{"href":"https:\/\/actualizateiguazu.com\/v3\/wp-json\/wp\/v2\/types\/post"}],"author":[{"embeddable":true,"href":"https:\/\/actualizateiguazu.com\/v3\/wp-json\/wp\/v2\/users\/1"}],"replies":[{"embeddable":true,"href":"https:\/\/actualizateiguazu.com\/v3\/wp-json\/wp\/v2\/comments?post=28557"}],"version-history":[{"count":1,"href":"https:\/\/actualizateiguazu.com\/v3\/wp-json\/wp\/v2\/posts\/28557\/revisions"}],"predecessor-version":[{"id":28559,"href":"https:\/\/actualizateiguazu.com\/v3\/wp-json\/wp\/v2\/posts\/28557\/revisions\/28559"}],"wp:featuredmedia":[{"embeddable":true,"href":"https:\/\/actualizateiguazu.com\/v3\/wp-json\/wp\/v2\/media\/28558"}],"wp:attachment":[{"href":"https:\/\/actualizateiguazu.com\/v3\/wp-json\/wp\/v2\/media?parent=28557"}],"wp:term":[{"taxonomy":"category","embeddable":true,"href":"https:\/\/actualizateiguazu.com\/v3\/wp-json\/wp\/v2\/categories?post=28557"},{"taxonomy":"post_tag","embeddable":true,"href":"https:\/\/actualizateiguazu.com\/v3\/wp-json\/wp\/v2\/tags?post=28557"}],"curies":[{"name":"wp","href":"https:\/\/api.w.org\/{rel}","templated":true}]}}