{"id":28579,"date":"2022-06-08T23:09:20","date_gmt":"2022-06-08T23:09:20","guid":{"rendered":"https:\/\/actualizateiguazu.com\/v3\/?p=28579"},"modified":"2022-06-08T23:09:24","modified_gmt":"2022-06-08T23:09:24","slug":"lanzaron-la-edicion-2022-del-programa-educativo-jueces-en-la-escuela","status":"publish","type":"post","link":"https:\/\/actualizateiguazu.com\/v3\/2022\/06\/08\/lanzaron-la-edicion-2022-del-programa-educativo-jueces-en-la-escuela\/","title":{"rendered":"Lanzaron la edici\u00f3n 2022 del programa educativo \u201cJueces en la escuela\u201d"},"content":{"rendered":"\n<p>Esta ma\u00f1ana, en el Centro de Convenciones del Parque Conocimiento, se realiz\u00f3 la presentaci\u00f3n de la Edici\u00f3n 2022 del Programa \u201cJueces en la Escuela\u201d para Posadas. Durante el lanzamiento el gobernador Oscar Herrera Ahuad celebr\u00f3 la impronta de la iniciativa como receptora de las inquietudes de los j\u00f3venes al tratar cuestiones como Derechos Humanos, medios alternativos para la resoluci\u00f3n de conflictos, violencias, y acceso a la justicia.<\/p>\n\n\n\n<p>Adem\u00e1s, destac\u00f3 la importancia de la iniciativa para que los miembros del Poder Judicial y \u00abtodos los j\u00f3venes pueden tener acceso a las cuestiones que hacen a la problem\u00e1tica de la vida diaria e institucional en las escuelas, en sus casas\u00bb.&nbsp; Remarc\u00f3 su funci\u00f3n como herramienta para llegar a los j\u00f3venes que son agentes multiplicadores en un mundo hiperconectado. \u00abEs muy dif\u00edcil que un funcionario p\u00fablico aconseje por las redes sociales\u201d, dijo y agreg\u00f3 que este programa tiene que \u00ababrir las puertas a los estudiantes a esa accesibilidad que se da cara a cara, todo para que se puedan resolver los problemas\u00bb.<\/p>\n\n\n\n<p>Indic\u00f3 Herrera Ahuad que \u00abel Estado es inmenso, grande, somos todos, el Gobierno es grande, hay funcionarios en todos los niveles, pero para poder llegar uno debe tener una hoja de ruta o un botoncito y saber d\u00f3nde apretar para que esa respuesta est\u00e9. Por eso celebr\u00f3 que tengamos esta nueva edici\u00f3n.\u00a0 Estamos ac\u00e1 para ayudarlos, para que se vea esa relaci\u00f3n de ida y vuelta de la problem\u00e1tica y la soluci\u00f3n\u00bb, agreg\u00f3. \u00abNo hay un manual escrito de qu\u00e9 hacer, s\u00ed hay un esquema de procedimientos de trabajo que es importante conocer\u00bb, puntualiz\u00f3.<\/p>\n\n\n\n<figure class=\"wp-block-image size-large\"><img loading=\"lazy\" decoding=\"async\" width=\"1024\" height=\"684\" src=\"https:\/\/actualizateiguazu.com\/v3\/wp-content\/uploads\/2022\/06\/Copia-de-2022-06-8-Posadas-Jueces-en-el-CC-20-1024x684.jpg\" alt=\"\" class=\"wp-image-28583\" srcset=\"https:\/\/actualizateiguazu.com\/v3\/wp-content\/uploads\/2022\/06\/Copia-de-2022-06-8-Posadas-Jueces-en-el-CC-20-1024x684.jpg 1024w, https:\/\/actualizateiguazu.com\/v3\/wp-content\/uploads\/2022\/06\/Copia-de-2022-06-8-Posadas-Jueces-en-el-CC-20-300x200.jpg 300w, https:\/\/actualizateiguazu.com\/v3\/wp-content\/uploads\/2022\/06\/Copia-de-2022-06-8-Posadas-Jueces-en-el-CC-20-768x513.jpg 768w, https:\/\/actualizateiguazu.com\/v3\/wp-content\/uploads\/2022\/06\/Copia-de-2022-06-8-Posadas-Jueces-en-el-CC-20-1536x1025.jpg 1536w, https:\/\/actualizateiguazu.com\/v3\/wp-content\/uploads\/2022\/06\/Copia-de-2022-06-8-Posadas-Jueces-en-el-CC-20-2048x1367.jpg 2048w\" sizes=\"auto, (max-width: 1024px) 100vw, 1024px\" \/><\/figure>\n\n\n\n<p>Sostuvo el mandatario que hay much\u00edsimo para aprender, pero que lo m\u00e1s relevante est\u00e1 en los alumnos, en los j\u00f3venes, para que se conviertan en verdaderos nexos multiplicadores en todos los niveles de la sociedad.<\/p>\n\n\n\n<p>A su turno, el vicepresidente de la C\u00e1mara de Representantes, Hugo Passalacqua celebr\u00f3 la realizaci\u00f3n del programa porque evita el encapsulamiento de los funcionarios en sus puestos para acercarse a la gente y lo calific\u00f3 como un \u201cacto de genialidad social\u201d.<\/p>\n\n\n\n<p>Por su parte, la presidenta del Superior Tribunal de Justicia, Rosanna P\u00eda Venchiarutti dirigi\u00e9ndose a los estudiantes afirm\u00f3 que \u201clos verdaderos h\u00e9roes de esta tarea son los jueces que recorren las escuelas, y cuando ustedes quieran algo, solamente se lo piden. Ellos les van a hablar de violencia, de grooming, bullying porque lo que se quiere hacer es educar para prevenir. Queremos que sepan y conozcan las caras de los jueces para que sepan a d\u00f3nde pueden acudir cuando tengan problemas\u201d.<\/p>\n\n\n\n<p>Una vez presentado el programa, los representantes de los tres poderes mantuvieron una ronda de preguntas y respuestas con los estudiantes.<\/p>\n\n\n\n<p>Entre los asistentes al evento estuvieron los ministros del Superior Tribunal de Justicia; el ministro de Educaci\u00f3n, Miguel Sedoff, la subsecretaria de Educaci\u00f3n, Cielo Linares, la presidenta del Parque del Conocimiento, Claudia Gauto; el presidente del Colegio de Abogados de Misiones (CAM), Fernando Orbe; los diputados provinciales Jorge Ratier y Rita N\u00fa\u00f1ez;&nbsp; entre otros miembros del Poder Judicial de Misiones junto a docentes y alumnos de establecimientos educativos de Posadas, Garup\u00e1 y Candelaria.<\/p>\n\n\n\n<p><strong>Acercar la justicia a las escuelas<\/strong><\/p>\n\n\n\n<p>Esta iniciativa consiste en la visita de jueces y juezas, funcionarios y agentes del Poder Judicial misionero a las escuelas de nivel medio donde brindan charlas sobre temas como acceso a la justicia; Derechos Humanos; violencia; medios alternativos de resoluci\u00f3n de conflictos; acoso sexual y toda din\u00e1mica que sirva para la prevenci\u00f3n de la violencia y que permita, adem\u00e1s, conocer el funcionamiento del Servicio de Justicia. Vale destacar que en lo que va del a\u00f1o ya se han concretado m\u00e1s de 30 visitas a distintas localidades de la Provincia.<\/p>\n\n\n\n<p>El programa se desarrolla desde el a\u00f1o 2018 en el marco del Convenio de Colaboraci\u00f3n y Asistencia celebrado entre Superior Tribunal de Justicia y el Consejo de Educaci\u00f3n de la provincia de Misiones y fue declarado de Inter\u00e9s Provincial por la C\u00e1mara de Representantes.<\/p>\n","protected":false},"excerpt":{"rendered":"<p>Esta ma\u00f1ana, en el Centro de Convenciones del Parque Conocimiento, se realiz\u00f3 la presentaci\u00f3n de<\/p>\n","protected":false},"author":1,"featured_media":28584,"comment_status":"open","ping_status":"open","sticky":false,"template":"","format":"standard","meta":{"footnotes":""},"categories":[1,229],"tags":[],"class_list":["post-28579","post","type-post","status-publish","format-standard","has-post-thumbnail","hentry","category-actualidad","category-provinciales"],"_links":{"self":[{"href":"https:\/\/actualizateiguazu.com\/v3\/wp-json\/wp\/v2\/posts\/28579","targetHints":{"allow":["GET"]}}],"collection":[{"href":"https:\/\/actualizateiguazu.com\/v3\/wp-json\/wp\/v2\/posts"}],"about":[{"href":"https:\/\/actualizateiguazu.com\/v3\/wp-json\/wp\/v2\/types\/post"}],"author":[{"embeddable":true,"href":"https:\/\/actualizateiguazu.com\/v3\/wp-json\/wp\/v2\/users\/1"}],"replies":[{"embeddable":true,"href":"https:\/\/actualizateiguazu.com\/v3\/wp-json\/wp\/v2\/comments?post=28579"}],"version-history":[{"count":1,"href":"https:\/\/actualizateiguazu.com\/v3\/wp-json\/wp\/v2\/posts\/28579\/revisions"}],"predecessor-version":[{"id":28586,"href":"https:\/\/actualizateiguazu.com\/v3\/wp-json\/wp\/v2\/posts\/28579\/revisions\/28586"}],"wp:featuredmedia":[{"embeddable":true,"href":"https:\/\/actualizateiguazu.com\/v3\/wp-json\/wp\/v2\/media\/28584"}],"wp:attachment":[{"href":"https:\/\/actualizateiguazu.com\/v3\/wp-json\/wp\/v2\/media?parent=28579"}],"wp:term":[{"taxonomy":"category","embeddable":true,"href":"https:\/\/actualizateiguazu.com\/v3\/wp-json\/wp\/v2\/categories?post=28579"},{"taxonomy":"post_tag","embeddable":true,"href":"https:\/\/actualizateiguazu.com\/v3\/wp-json\/wp\/v2\/tags?post=28579"}],"curies":[{"name":"wp","href":"https:\/\/api.w.org\/{rel}","templated":true}]}}