{"id":28580,"date":"2022-06-08T23:08:14","date_gmt":"2022-06-08T23:08:14","guid":{"rendered":"https:\/\/actualizateiguazu.com\/v3\/?p=28580"},"modified":"2022-06-08T23:12:23","modified_gmt":"2022-06-08T23:12:23","slug":"detuvieron-a-dos-personas-que-faenaron-un-animal-vacuno-no-apto-para-el-consumo","status":"publish","type":"post","link":"https:\/\/actualizateiguazu.com\/v3\/2022\/06\/08\/detuvieron-a-dos-personas-que-faenaron-un-animal-vacuno-no-apto-para-el-consumo\/","title":{"rendered":"Detuvieron a dos personas que faenaron un animal vacuno no apto para el consumo"},"content":{"rendered":"\n<p>La Polic\u00eda de Misiones detuvo por el hecho a dos hombres y secuestr\u00f3 un veh\u00edculo, como as\u00ed tambi\u00e9n diversos cortes de carne pertenecientes a un animal vacuno no apto para el consumoen Comandante Andresito.<\/p>\n\n\n\n<p>En el marco de la investigaci\u00f3n por el robo de un bobino que se encontraba en tratamiento m\u00e9dico. Esta ma\u00f1ana, los efectivos policiales detuvieron a un hombre de 32 a\u00f1os, secuestraron carne faenada, una camioneta y un tel\u00e9fono celular. Cabe aclarar que ya estaba detenido un hombre de 26 por ese hecho.<\/p>\n\n\n\n<p>El 4 de junio, un joven de 28 a\u00f1os, manifest\u00f3 a los agentes policiales que le hab\u00edan sustra\u00eddo del Paraje Selva de esa localidad un animal de raza Braford de 100 kilos. Que Seg\u00fan la Asociaci\u00f3n Ganadera Andresito, se encontraba en un tratamiento m\u00e9dico por un \u201ccuadro cl\u00ednico dudoso\u201d y que el consumo podr\u00eda poner en riesgo a las personas.<\/p>\n\n\n\n<figure class=\"wp-block-image size-full\"><img loading=\"lazy\" decoding=\"async\" width=\"821\" height=\"821\" src=\"https:\/\/actualizateiguazu.com\/v3\/wp-content\/uploads\/2022\/06\/IMG-20220608-WA0154.jpg\" alt=\"\" class=\"wp-image-28581\" srcset=\"https:\/\/actualizateiguazu.com\/v3\/wp-content\/uploads\/2022\/06\/IMG-20220608-WA0154.jpg 821w, https:\/\/actualizateiguazu.com\/v3\/wp-content\/uploads\/2022\/06\/IMG-20220608-WA0154-300x300.jpg 300w, https:\/\/actualizateiguazu.com\/v3\/wp-content\/uploads\/2022\/06\/IMG-20220608-WA0154-150x150.jpg 150w, https:\/\/actualizateiguazu.com\/v3\/wp-content\/uploads\/2022\/06\/IMG-20220608-WA0154-768x768.jpg 768w\" sizes=\"auto, (max-width: 821px) 100vw, 821px\" \/><\/figure>\n\n\n\n<p>Desde el momento del robo, la polic\u00eda comenz\u00f3 un trabajo minucioso de investigaci\u00f3n para esclarecer el hecho y fue as\u00ed que, el domingo 5 en el Paraje antes mencionado, apresaron a un joven de 26, quien ser\u00eda uno de los implicados en el abigeato.<\/p>\n\n\n\n<p>Seguidamente, con m\u00e1s elementos probatorios, constataron que en una vivienda del barrio Quintas Altas de esa ciudad estar\u00eda parte de la carne faenada, por ello, con orden del Juzgado de Instrucci\u00f3n 3 de Puerto Iguaz\u00fa, los integrantes de la fuerza de seguridad irrumpieron en el domicilio se\u00f1alado.<\/p>\n\n\n\n<p>Fue as\u00ed que en el marco investigativo incautaron una camioneta marca Fiat Strada, un celular, cortes de carne vacuna y aprehendieron al sospechoso de 36 a\u00f1os que resid\u00eda en la propiedad. Finalmente, lo secuestrado y el detenido fueron trasladados a la dependencia policial a disposici\u00f3n de la Justicia.<\/p>\n\n\n\n<p>Se contin\u00faan con las pesquisas para el total esclarecimiento del hecho.<\/p>\n","protected":false},"excerpt":{"rendered":"<p>La Polic\u00eda de Misiones detuvo por el hecho a dos hombres y secuestr\u00f3 un veh\u00edculo,<\/p>\n","protected":false},"author":1,"featured_media":28582,"comment_status":"open","ping_status":"open","sticky":false,"template":"","format":"standard","meta":{"footnotes":""},"categories":[228],"tags":[],"class_list":["post-28580","post","type-post","status-publish","format-standard","has-post-thumbnail","hentry","category-policiales"],"_links":{"self":[{"href":"https:\/\/actualizateiguazu.com\/v3\/wp-json\/wp\/v2\/posts\/28580","targetHints":{"allow":["GET"]}}],"collection":[{"href":"https:\/\/actualizateiguazu.com\/v3\/wp-json\/wp\/v2\/posts"}],"about":[{"href":"https:\/\/actualizateiguazu.com\/v3\/wp-json\/wp\/v2\/types\/post"}],"author":[{"embeddable":true,"href":"https:\/\/actualizateiguazu.com\/v3\/wp-json\/wp\/v2\/users\/1"}],"replies":[{"embeddable":true,"href":"https:\/\/actualizateiguazu.com\/v3\/wp-json\/wp\/v2\/comments?post=28580"}],"version-history":[{"count":2,"href":"https:\/\/actualizateiguazu.com\/v3\/wp-json\/wp\/v2\/posts\/28580\/revisions"}],"predecessor-version":[{"id":28587,"href":"https:\/\/actualizateiguazu.com\/v3\/wp-json\/wp\/v2\/posts\/28580\/revisions\/28587"}],"wp:featuredmedia":[{"embeddable":true,"href":"https:\/\/actualizateiguazu.com\/v3\/wp-json\/wp\/v2\/media\/28582"}],"wp:attachment":[{"href":"https:\/\/actualizateiguazu.com\/v3\/wp-json\/wp\/v2\/media?parent=28580"}],"wp:term":[{"taxonomy":"category","embeddable":true,"href":"https:\/\/actualizateiguazu.com\/v3\/wp-json\/wp\/v2\/categories?post=28580"},{"taxonomy":"post_tag","embeddable":true,"href":"https:\/\/actualizateiguazu.com\/v3\/wp-json\/wp\/v2\/tags?post=28580"}],"curies":[{"name":"wp","href":"https:\/\/api.w.org\/{rel}","templated":true}]}}