{"id":29018,"date":"2022-06-22T09:41:01","date_gmt":"2022-06-22T09:41:01","guid":{"rendered":"https:\/\/actualizateiguazu.com\/v3\/?p=29018"},"modified":"2022-06-22T09:41:05","modified_gmt":"2022-06-22T09:41:05","slug":"pedro-aznar-dara-un-concierto-en-posadas","status":"publish","type":"post","link":"https:\/\/actualizateiguazu.com\/v3\/2022\/06\/22\/pedro-aznar-dara-un-concierto-en-posadas\/","title":{"rendered":"Pedro Aznar dar\u00e1 un concierto en Posadas"},"content":{"rendered":"\n<p>Ser\u00e1 el s\u00e1bado 6 de agosto en el auditorio del Montoya, desde las 21:30 con un concierto unipersonal y de cercan\u00eda con el p\u00fablico. Las entradas ya est\u00e1n a la venta.<\/p>\n\n\n\n<p>Pedro Aznar regresa a Misiones para presentar su nuevo show, en formato \u00edntimo, donde realizar\u00e1 un recorrido por su trayectoria, incluyendo algunos de sus grandes \u00e9xitos, adem\u00e1s de estrenar canciones que estar\u00e1n en su pr\u00f3ximo disco. Conocido por su virtuosismo y clase, Pedro ejecuta en este formato varios instrumentos como bajo, guitarras y teclados, entre otros, mostrando su versatilidad y generando un clima de gran cercan\u00eda con el p\u00fablico. La presentaci\u00f3n ser\u00e1 el s\u00e1bado 6 de agosto pr\u00f3ximo en el audit\u00f3rium\u00a0 del Instituto Montoya, a partir de las 21:30 horas.<\/p>\n\n\n\n<p>Mientras alista su pr\u00f3ximo disco doble, suenan los ecos de \u201cFlor y ra\u00edz\u201d publicado en 2021 y dedicado a la canci\u00f3n latinoamericana. En el comienzo de la pandemia, Pedro realiz\u00f3 varios conciertos por streaming de manera gratuita, y tambi\u00e9n algunos con cobro de entradas, con gran cantidad de espectadores.<\/p>\n\n\n\n<p>Remasteriz\u00f3 el primer \u00e1lbum de Ser\u00fa Gir\u00e1n editado en 1978 a la vez que brind\u00f3 un concierto en el Festival Nacional de Folklore de Cosqu\u00edn, presentando su nuevo concierto en el Movistar Arena de Chile. Actualmente de gira por el pa\u00eds con este formato intimista, mientras prepara una gira por Chile, Uruguay, Per\u00fa y Colombia.<\/p>\n\n\n\n<p><strong>Entradas<\/strong><\/p>\n\n\n\n<p>Las entradas se podr\u00e1n adquirir a trav\u00e9s de la boleter\u00eda del auditrio o a trav\u00e9s de la plataforma de compra misiones.<\/p>\n\n\n\n<p><strong>Un poco de historia<\/strong><\/p>\n\n\n\n<p>Aznar integr\u00f3 Ser\u00fa Giran y el Pat Metheny Group. Fue convocado por innumerables artistas con quienes grab\u00f3, produjo y comparti\u00f3 escenario como Luis Alberto Spinetta, Mercedes Sosa, Fito P\u00e1ez, Leda Valladares, Lila Downs, Pablo Milan\u00e9s, Caetano Veloso, Jairo, Soda Stereo, Juan Manuel Serrat, Gal Costa, Le\u00f3n Gieco, por nombrar algunos de ellos.<\/p>\n\n\n\n<p>Gan\u00f3 tres Premios Grammy a la \u201cMejor performance de jazz contempor\u00e1neo\u201d, con el Pat Metheny Group!. Para cine compuso y grab\u00f3 m\u00fasica de pel\u00edculas de Eliseo Subiela, Javier Torre, Beda Docampo Feijoo y N\u00e9stor Montalbano, entre otros, recibiendo varios premios C\u00f3ndor de Plata. Tambi\u00e9n musicaliz\u00f3 obras de teatro y danza.<\/p>\n\n\n\n<p>Cuenta con la edici\u00f3n de veinti\u00fan discos como solista y m\u00e1s de cien con otros artistas, grabando con Charly Garc\u00eda \u201cTango\u201d y \u201cTango 4\u201d. Graba y co-produce con Shakira dos canciones para la banda de sonido de la pel\u00edcula \u201cEl amor en tiempos de c\u00f3lera\u201d, basada en el libro hom\u00f3nimo de Gabriel Garc\u00eda M\u00e1rquez.<\/p>\n\n\n\n<p>Junto a Roger Waters graba una canci\u00f3n para la Fundaci\u00f3n Alas. La grabaci\u00f3n, hecha en los estudios Looking Glass de la ciudad de Nueva York, cuenta tambi\u00e9n con la participaci\u00f3n de Gustavo Cerati y varios artistas invitados.<\/p>\n\n\n\n<p>Tiene dos libros de poemas publicados: \u201cPrueba de Fuego\u201d y \u201cDos Pasajes a La Noche\u201d. Recibe la distinci\u00f3n de \u201cPersonalidad Destacada de la Cultura de la Ciudad de Buenos Aires\u201d en el Sal\u00f3n Dorado del Palacio de la Legislatura.<\/p>\n\n\n\n<p>Es reconocido con Tres Premios Grammy, varios Premios Gardel, Premio Konex y dos Premios Clar\u00edn.<\/p>\n","protected":false},"excerpt":{"rendered":"<p>Ser\u00e1 el s\u00e1bado 6 de agosto en el auditorio del Montoya, desde las 21:30 con<\/p>\n","protected":false},"author":1,"featured_media":29019,"comment_status":"open","ping_status":"open","sticky":false,"template":"","format":"standard","meta":{"footnotes":""},"categories":[222],"tags":[],"class_list":["post-29018","post","type-post","status-publish","format-standard","has-post-thumbnail","hentry","category-cultura"],"_links":{"self":[{"href":"https:\/\/actualizateiguazu.com\/v3\/wp-json\/wp\/v2\/posts\/29018","targetHints":{"allow":["GET"]}}],"collection":[{"href":"https:\/\/actualizateiguazu.com\/v3\/wp-json\/wp\/v2\/posts"}],"about":[{"href":"https:\/\/actualizateiguazu.com\/v3\/wp-json\/wp\/v2\/types\/post"}],"author":[{"embeddable":true,"href":"https:\/\/actualizateiguazu.com\/v3\/wp-json\/wp\/v2\/users\/1"}],"replies":[{"embeddable":true,"href":"https:\/\/actualizateiguazu.com\/v3\/wp-json\/wp\/v2\/comments?post=29018"}],"version-history":[{"count":1,"href":"https:\/\/actualizateiguazu.com\/v3\/wp-json\/wp\/v2\/posts\/29018\/revisions"}],"predecessor-version":[{"id":29020,"href":"https:\/\/actualizateiguazu.com\/v3\/wp-json\/wp\/v2\/posts\/29018\/revisions\/29020"}],"wp:featuredmedia":[{"embeddable":true,"href":"https:\/\/actualizateiguazu.com\/v3\/wp-json\/wp\/v2\/media\/29019"}],"wp:attachment":[{"href":"https:\/\/actualizateiguazu.com\/v3\/wp-json\/wp\/v2\/media?parent=29018"}],"wp:term":[{"taxonomy":"category","embeddable":true,"href":"https:\/\/actualizateiguazu.com\/v3\/wp-json\/wp\/v2\/categories?post=29018"},{"taxonomy":"post_tag","embeddable":true,"href":"https:\/\/actualizateiguazu.com\/v3\/wp-json\/wp\/v2\/tags?post=29018"}],"curies":[{"name":"wp","href":"https:\/\/api.w.org\/{rel}","templated":true}]}}