{"id":29151,"date":"2022-06-26T14:54:23","date_gmt":"2022-06-26T14:54:23","guid":{"rendered":"https:\/\/actualizateiguazu.com\/v3\/?p=29151"},"modified":"2022-06-26T14:54:25","modified_gmt":"2022-06-26T14:54:25","slug":"entro-a-robar-una-vivienda-fue-captado-por-las-camaras-y-termino-preso","status":"publish","type":"post","link":"https:\/\/actualizateiguazu.com\/v3\/2022\/06\/26\/entro-a-robar-una-vivienda-fue-captado-por-las-camaras-y-termino-preso\/","title":{"rendered":"Entr\u00f3 a robar una vivienda, fue captado por las c\u00e1maras y termin\u00f3 preso"},"content":{"rendered":"\n<p>La detenci\u00f3n tuvo lugar ayer por la noche en el barrio Bicentenario, donde investigadores de la Polic\u00eda, detuvieron a un hombre de 30 a\u00f1os involucrado en un hecho de robo ocurrido el d\u00eda jueves 23 por la madrugada en una vivienda familiar del barrio Santa Rosa.<\/p>\n\n\n\n<p>El il\u00edcito se conoci\u00f3 tras la visualizaci\u00f3n de videos de las c\u00e1maras de seguridad de la vivienda, publicados en las \u00faltimas horas en redes sociales, donde se vio al autor del hecho retir\u00e1ndose del sitio en compa\u00f1\u00eda de otro individuo despu\u00e9s de robar en el domicilio.<\/p>\n\n\n\n<figure class=\"wp-block-image size-large\"><img loading=\"lazy\" decoding=\"async\" width=\"931\" height=\"1024\" src=\"https:\/\/actualizateiguazu.com\/v3\/wp-content\/uploads\/2022\/06\/WhatsApp-Image-2022-06-26-at-9.54.34-AM-931x1024.jpeg\" alt=\"\" class=\"wp-image-29154\" srcset=\"https:\/\/actualizateiguazu.com\/v3\/wp-content\/uploads\/2022\/06\/WhatsApp-Image-2022-06-26-at-9.54.34-AM-931x1024.jpeg 931w, https:\/\/actualizateiguazu.com\/v3\/wp-content\/uploads\/2022\/06\/WhatsApp-Image-2022-06-26-at-9.54.34-AM-273x300.jpeg 273w, https:\/\/actualizateiguazu.com\/v3\/wp-content\/uploads\/2022\/06\/WhatsApp-Image-2022-06-26-at-9.54.34-AM-768x845.jpeg 768w, https:\/\/actualizateiguazu.com\/v3\/wp-content\/uploads\/2022\/06\/WhatsApp-Image-2022-06-26-at-9.54.34-AM.jpeg 971w\" sizes=\"auto, (max-width: 931px) 100vw, 931px\" \/><\/figure>\n\n\n\n<p>En cuanto a los datos obtenidos, y luego de diversas tareas investigativas ejecutadas por la zona, se logr\u00f3 establecer la identidad de uno de los sospechosos. Fue de esta manera, que mediante un operativo encubierto, el involucrado, quien posee antecedentes por hechos similares, fue arrestado en el barrio Bicentenario.<\/p>\n\n\n\n<p>El joven fue alojado en sede policial a disposici\u00f3n de la justicia. En tanto, la investigaci\u00f3n contin\u00faa a fin de lograr esclarecer por completo el hecho.<\/p>\n","protected":false},"excerpt":{"rendered":"<p>La detenci\u00f3n tuvo lugar ayer por la noche en el barrio Bicentenario, donde investigadores de<\/p>\n","protected":false},"author":1,"featured_media":29153,"comment_status":"open","ping_status":"open","sticky":false,"template":"","format":"standard","meta":{"footnotes":""},"categories":[1,226,228],"tags":[],"class_list":["post-29151","post","type-post","status-publish","format-standard","has-post-thumbnail","hentry","category-actualidad","category-locales","category-policiales"],"_links":{"self":[{"href":"https:\/\/actualizateiguazu.com\/v3\/wp-json\/wp\/v2\/posts\/29151","targetHints":{"allow":["GET"]}}],"collection":[{"href":"https:\/\/actualizateiguazu.com\/v3\/wp-json\/wp\/v2\/posts"}],"about":[{"href":"https:\/\/actualizateiguazu.com\/v3\/wp-json\/wp\/v2\/types\/post"}],"author":[{"embeddable":true,"href":"https:\/\/actualizateiguazu.com\/v3\/wp-json\/wp\/v2\/users\/1"}],"replies":[{"embeddable":true,"href":"https:\/\/actualizateiguazu.com\/v3\/wp-json\/wp\/v2\/comments?post=29151"}],"version-history":[{"count":1,"href":"https:\/\/actualizateiguazu.com\/v3\/wp-json\/wp\/v2\/posts\/29151\/revisions"}],"predecessor-version":[{"id":29155,"href":"https:\/\/actualizateiguazu.com\/v3\/wp-json\/wp\/v2\/posts\/29151\/revisions\/29155"}],"wp:featuredmedia":[{"embeddable":true,"href":"https:\/\/actualizateiguazu.com\/v3\/wp-json\/wp\/v2\/media\/29153"}],"wp:attachment":[{"href":"https:\/\/actualizateiguazu.com\/v3\/wp-json\/wp\/v2\/media?parent=29151"}],"wp:term":[{"taxonomy":"category","embeddable":true,"href":"https:\/\/actualizateiguazu.com\/v3\/wp-json\/wp\/v2\/categories?post=29151"},{"taxonomy":"post_tag","embeddable":true,"href":"https:\/\/actualizateiguazu.com\/v3\/wp-json\/wp\/v2\/tags?post=29151"}],"curies":[{"name":"wp","href":"https:\/\/api.w.org\/{rel}","templated":true}]}}