{"id":29160,"date":"2022-06-27T00:58:54","date_gmt":"2022-06-27T00:58:54","guid":{"rendered":"https:\/\/actualizateiguazu.com\/v3\/?p=29160"},"modified":"2022-06-27T00:58:57","modified_gmt":"2022-06-27T00:58:57","slug":"el-segundo-festival-de-teatro-por-la-diversidad-llegara-a-iguazu","status":"publish","type":"post","link":"https:\/\/actualizateiguazu.com\/v3\/2022\/06\/27\/el-segundo-festival-de-teatro-por-la-diversidad-llegara-a-iguazu\/","title":{"rendered":"El segundo Festival de teatro por la diversidad llegar\u00e1 a Iguaz\u00fa"},"content":{"rendered":"\n<p>En virtud de la conmemoraci\u00f3n del d\u00eda del Orgullo que se celebra internacionalmente cada 28 de junio, realizamos este festival art\u00edstico a en la ciudad de Posadas, Ober\u00e1 e Iguazu, donde se propone espacios de encuentros e integraci\u00f3n cultural y social que esta edici\u00f3n se llevar\u00e1 a cabo los d\u00edas 30 de Junio, 1,2 y 3 de julio, en diferentes espacios.<\/p>\n\n\n\n<p>Las actividades combinan el conocimiento, entretenimiento y la reflexi\u00f3n en torno a la diversidad sexual y de g\u00e9nero propia de todas las sociedades.<\/p>\n\n\n\n<p>En la edici\u00f3n anterior de junio 2021, propusimos un concepto que lo sostenemos este 2022, \u201clo que no se nombra, no existe\u201d, y \u201clo que no se ve, no existe y no se conoce\u201d, y ante hist\u00f3ricas estigmatizaciones al colectivo, son necesarias las representaciones positivas tales como las que se llevan adelante en el presente Festival.<\/p>\n\n\n\n<p>Las presentaciones art\u00edsticas abordar\u00e1n principalmente las tem\u00e1ticas LGBTQ+ desde m\u00faltiples y originales puntos de vista promoviendo la inclusi\u00f3n, visibilizaci\u00f3n y contribuyendo as\u00ed a la transformaci\u00f3n social.<\/p>\n\n\n\n<p>El festival pretende no ser solo una muestra de presentaciones art\u00edsticas, sino que ofrece adem\u00e1s variadas actividades, que contribuyen a fomentar el respeto a trav\u00e9s de la comprensi\u00f3n de las razones del otro, haciendo de este evento una actividad m\u00e1s inclusiva, diversa y participativa.<\/p>\n\n\n\n<figure class=\"wp-block-image size-large\"><img loading=\"lazy\" decoding=\"async\" width=\"1024\" height=\"1024\" src=\"https:\/\/actualizateiguazu.com\/v3\/wp-content\/uploads\/2022\/06\/nova-energia-1024x1024.jpg\" alt=\"\" class=\"wp-image-29162\" srcset=\"https:\/\/actualizateiguazu.com\/v3\/wp-content\/uploads\/2022\/06\/nova-energia-1024x1024.jpg 1024w, https:\/\/actualizateiguazu.com\/v3\/wp-content\/uploads\/2022\/06\/nova-energia-300x300.jpg 300w, https:\/\/actualizateiguazu.com\/v3\/wp-content\/uploads\/2022\/06\/nova-energia-150x150.jpg 150w, https:\/\/actualizateiguazu.com\/v3\/wp-content\/uploads\/2022\/06\/nova-energia-768x768.jpg 768w, https:\/\/actualizateiguazu.com\/v3\/wp-content\/uploads\/2022\/06\/nova-energia.jpg 1080w\" sizes=\"auto, (max-width: 1024px) 100vw, 1024px\" \/><\/figure>\n\n\n\n<p>En este 2do festival adem\u00e1s de artistas locales se contar\u00e1 con la presencia de invitados especiales como ser el elenco STAND DRAG desde la hermana Rep\u00fablica del Paraguay m\u00e1s precisamente de Asunci\u00f3n.<\/p>\n\n\n\n<p>El objetivo del Festival es mostrar el arte de la comunidad LGBT. &nbsp;En la edici\u00f3n del 2021 superamos las expectativas, es por ello que desde la producci\u00f3n no dudamos en convocar a este elenco de otro pa\u00eds y que esperamos que pueda ser el primero de muchos. Buscando de esta manera adem\u00e1s de poder disfrutar del arte de diferentes referentes, crear una red que nos permita fortalecernos y difundir las diferentes expresiones de cada artista.<\/p>\n\n\n\n<p><em><u>Redes sociales:<\/u><\/em><\/p>\n\n\n\n<p>Facebook: Teatro por la diversidad<\/p>\n\n\n\n<p>Instagram: teatroporladiversidad<\/p>\n\n\n\n<p>Mail:teatroporladiversidad.misiones@gmail.com<\/p>\n\n\n\n<p><em><u>Contactos para difusi\u00f3n::<\/u><\/em><\/p>\n\n\n\n<p>Walter Bogado: 3764380520<\/p>\n\n\n\n<p>Programaci\u00f3n<\/p>\n\n\n\n<p>Jueves 30 de junio 21:00 hs \u2013 SALA TEMPO \u2013 3 de febrero 1916<\/p>\n\n\n\n<p>Apertura del festival \u2013 charla debate<\/p>\n\n\n\n<p>con la exposici\u00f3n de<\/p>\n\n\n\n<p>&#8211; Nazarena N. Fleitas, Delegada de ATTTA Misiones<\/p>\n\n\n\n<p>&#8211; Mia Fleita Penayo, referente de la Fundaci\u00f3n Eva Per\u00f3n.-<\/p>\n\n\n\n<p>OBRA DE TEATRO \u2013 \u201cNOS HUBIERAMOS AMADO TANTO\u201d \u2013 Grupo Tempo<\/p>\n\n\n\n<p>de Cristina Hynes O\u2019Connor, y con direcci\u00f3n de Estrella Asuad.<\/p>\n\n\n\n<p>Sinopsis:<\/p>\n\n\n\n<p>Silvia, C\u00e9sar y Marcela, son los tres personajes presentes y hay un personaje ausente y unificador de las historias que es Alberto; es una obra que plantea temas trascendentes de la vida como es el amor y, de c\u00f3mo el amor atraviesa a estos personajes y hace lo que le place con ellos<\/p>\n\n\n\n<p>Sabado 2 de Julio 21:30 Hs. \u2013 Centro Cultural Vicente Cidade \u2013 Belgrano y General Paz<\/p>\n\n\n\n<p>El variete #2022<\/p>\n\n\n\n<figure class=\"wp-block-image size-large\"><img loading=\"lazy\" decoding=\"async\" width=\"819\" height=\"1024\" src=\"https:\/\/actualizateiguazu.com\/v3\/wp-content\/uploads\/2022\/06\/@maldaddrag-ph-Juan-Florencianez-819x1024.jpg\" alt=\"\" class=\"wp-image-29161\" srcset=\"https:\/\/actualizateiguazu.com\/v3\/wp-content\/uploads\/2022\/06\/@maldaddrag-ph-Juan-Florencianez-819x1024.jpg 819w, https:\/\/actualizateiguazu.com\/v3\/wp-content\/uploads\/2022\/06\/@maldaddrag-ph-Juan-Florencianez-240x300.jpg 240w, https:\/\/actualizateiguazu.com\/v3\/wp-content\/uploads\/2022\/06\/@maldaddrag-ph-Juan-Florencianez-768x960.jpg 768w, https:\/\/actualizateiguazu.com\/v3\/wp-content\/uploads\/2022\/06\/@maldaddrag-ph-Juan-Florencianez.jpg 1024w\" sizes=\"auto, (max-width: 819px) 100vw, 819px\" \/><\/figure>\n\n\n\n<p>Sinopsis:<\/p>\n\n\n\n<p>Variet\u00e9 art\u00edstica, que tiene en esta edici\u00f3n como principal objetivo el de fomentar y celebrar la diversidad y la interculturalidad a trav\u00e9s del arte, desde varias expresiones como lo son, el transformismo, el humor, la m\u00fasica, y no pueden faltar los mon\u00f3logos con todo tipo de contenidos y m\u00e1s.<\/p>\n\n\n\n<p>Participan:<\/p>\n\n\n\n<p>*Grupo Nova Energia \u2013 Baile<\/p>\n\n\n\n<p>*Agusto Labella \u2013 sexo-sofia \u2013 Sexologo humor<\/p>\n\n\n\n<p>*Walter Bogado \u2013 Unipersonales \u2013 Humor \u2013 Monologos Politicos<\/p>\n\n\n\n<p>*Vanesa Avellaneda \u2013 Cantante<\/p>\n\n\n\n<p>*Meena Bell \u2013 Drag &#8211; Performance<\/p>\n\n\n\n<p>*Carmen Centeno \u2013 Do\u00f1a Conche \u2013 Humor<\/p>\n\n\n\n<p>*Jeylin Rojas \u2013 Drag &#8211; Performance<\/p>\n\n\n\n<p>*Stand Drag \u2013 Humor \u2013 Elenco de Asunci\u00f3n Paraguay<\/p>\n\n\n\n<p>*Otros a confirmar<\/p>\n\n\n\n<p>Domingo 3 de Julio \u2013 The Rox costanera \u2013 Cierre 22 Hs.-<\/p>\n\n\n\n<p>* Obra: Dos Mujeres \u2013 Grupo agua de rio \u2013 (Autor: Javier Daulte)<\/p>\n\n\n\n<p>Dos mujeres, una noche, una espera. &nbsp;Esperan la llegada de un amor, la excusa perfecta para esa velada y esa espera\u2026.<\/p>\n\n\n\n<p>* Obra: Al borde de un ataque de nervios \u2013 \u201cTributo al desamor\u201d &#8211; Grupo STAND DRAG \u2013 Asuncion \u2013 Paraguay<\/p>\n\n\n\n<p>Tres actores de teatro encarnan a sus personajes Drag, Presentando un espect\u00e1culo de humor y show&nbsp; Se fusiona el Stand up o mon\u00f3logos con los Shows Drag.<\/p>\n\n\n\n<p>StanDrag, mon\u00f3logos din\u00e1micos ,divertidos y de mucha interacci\u00f3n con el p\u00fablico&nbsp; con el plus de los cl\u00e1sicos shows del arte Drag&nbsp; y su producci\u00f3n fascinante de&nbsp; parafernalia y glamour&nbsp; con tocados ,peinados, maquillajes y vestuarios de extravagancia .<\/p>\n\n\n\n<p>Un espect\u00e1culo para re\u00edr, disfrutar del arte diverso&nbsp; y celebrar la vida .<\/p>\n\n\n\n<p>Biograf\u00edas:<\/p>\n\n\n\n<p>Omar Mareco \u2013 Envidia Me Tenes<\/p>\n\n\n\n<p>Actor, director, Guionista teatral, Preformar y la Drag Mas importante de Asunci\u00f3n por el legado a la diversidad que, integrado a la noche asunce\u00f1a, m\u00e1s de 20 a\u00f1os de trayectoria en el medio como artista de la escena valida su personaje con m\u00e1s de 18 a\u00f1os en el medio siendo un referente para el mundo Drag participando en varias campa\u00f1as, conducciones de eventos sociales, actuaciones y apariciones en Televisi\u00f3n y Cine. Junto a Usa Didi Granatita y Menta Green figuran en el lenguaje Drag como las leyendas m\u00e1s importantes de la historia drag en nuestro pa\u00eds.<\/p>\n\n\n\n<p>Aldo Calabresa-Menta Green<\/p>\n\n\n\n<p>Es un drag Queen referente y leyenda de nuestro medio, modelo, actor, preformar, vestuarista est\u00e1 ligado como tal al mundo de la televisi\u00f3n el cine y el teatro desde el 2003, su personaje con m\u00e1s de 10 a\u00f1os de trayectoria viene trabajando y posicion\u00e1ndose como uno de los pioneros junto a Usa Didi Granatita ya fallecida y Envidia Metense.&nbsp; Particip\u00f3 en la Vegas de la Drag\u00f3n edici\u00f3n 2017 como observador de la movida mundial drag.<\/p>\n\n\n\n<p>Manu Portillo -MALDAD<\/p>\n\n\n\n<p>Es un conocido actor&nbsp; de Cine, teatro y televisi\u00f3n, reconocido&nbsp; por su actuaci\u00f3n en 7 cajas como polic\u00eda Servian&nbsp; y en otras varias pel\u00edculas nacionales, ficci\u00f3n, mas de 30 producciones como actor en&nbsp; Teatro y Televisi\u00f3n. Es&nbsp; tambien docente, productor, comunicador y guionista de teatro y audiovisual, como&nbsp; actor Performer fue transmutando durante varios a\u00f1os en cuanto a personajes con perfiles femeninos para llegar a definirse en el mundo drag desde el Personaje de Maldad Drag quien nace utilizando la comedia de insulto y el humor negro.<\/p>\n\n\n\n<p><em>Extensi\u00f3n de festival:<\/em><\/p>\n\n\n\n<p>Viernes 1 de Julio<\/p>\n\n\n\n<p>20:30 Hs. \u2013 &nbsp;Cine Teatro Obera &nbsp;\u2013&nbsp; San Martin 1049<\/p>\n\n\n\n<p>00:00 Puerto Iguaz\u00fa \u2013 Yapey\u00fa 429<\/p>\n\n\n\n<p>* Obra: Al borde de un ataque de nervios \u2013 \u201cTributo al desamor\u201d &#8211; Grupo STAND DRAG \u2013 Asuncion \u2013 Paraguay<\/p>\n\n\n\n<p>* Mena Bell \u2013 Drag Queen \u2013 Espectaculo Performance<\/p>\n\n\n\n<p>* Ursula Sokol \u2013 Personaje c\u00f3mico \u2013 Mon\u00f3logos.-<\/p>\n\n\n\n<p>Este Evento cuenta con el apoyo del Instituto Nacional del teatro<\/p>\n\n\n\n<p>Para adquirir entradas por mercado pago comunicarse al 3764686500.<\/p>\n","protected":false},"excerpt":{"rendered":"<p>En virtud de la conmemoraci\u00f3n del d\u00eda del Orgullo que se celebra internacionalmente cada 28<\/p>\n","protected":false},"author":1,"featured_media":29163,"comment_status":"open","ping_status":"open","sticky":false,"template":"","format":"standard","meta":{"footnotes":""},"categories":[1,222,226],"tags":[],"class_list":["post-29160","post","type-post","status-publish","format-standard","has-post-thumbnail","hentry","category-actualidad","category-cultura","category-locales"],"_links":{"self":[{"href":"https:\/\/actualizateiguazu.com\/v3\/wp-json\/wp\/v2\/posts\/29160","targetHints":{"allow":["GET"]}}],"collection":[{"href":"https:\/\/actualizateiguazu.com\/v3\/wp-json\/wp\/v2\/posts"}],"about":[{"href":"https:\/\/actualizateiguazu.com\/v3\/wp-json\/wp\/v2\/types\/post"}],"author":[{"embeddable":true,"href":"https:\/\/actualizateiguazu.com\/v3\/wp-json\/wp\/v2\/users\/1"}],"replies":[{"embeddable":true,"href":"https:\/\/actualizateiguazu.com\/v3\/wp-json\/wp\/v2\/comments?post=29160"}],"version-history":[{"count":1,"href":"https:\/\/actualizateiguazu.com\/v3\/wp-json\/wp\/v2\/posts\/29160\/revisions"}],"predecessor-version":[{"id":29164,"href":"https:\/\/actualizateiguazu.com\/v3\/wp-json\/wp\/v2\/posts\/29160\/revisions\/29164"}],"wp:featuredmedia":[{"embeddable":true,"href":"https:\/\/actualizateiguazu.com\/v3\/wp-json\/wp\/v2\/media\/29163"}],"wp:attachment":[{"href":"https:\/\/actualizateiguazu.com\/v3\/wp-json\/wp\/v2\/media?parent=29160"}],"wp:term":[{"taxonomy":"category","embeddable":true,"href":"https:\/\/actualizateiguazu.com\/v3\/wp-json\/wp\/v2\/categories?post=29160"},{"taxonomy":"post_tag","embeddable":true,"href":"https:\/\/actualizateiguazu.com\/v3\/wp-json\/wp\/v2\/tags?post=29160"}],"curies":[{"name":"wp","href":"https:\/\/api.w.org\/{rel}","templated":true}]}}