{"id":29232,"date":"2022-06-28T17:26:24","date_gmt":"2022-06-28T17:26:24","guid":{"rendered":"https:\/\/actualizateiguazu.com\/v3\/?p=29232"},"modified":"2022-06-28T17:26:27","modified_gmt":"2022-06-28T17:26:27","slug":"lucas-sugo-abrira-la-temporada-turistica-de-invierno-con-un-show-en-iguazu","status":"publish","type":"post","link":"https:\/\/actualizateiguazu.com\/v3\/2022\/06\/28\/lucas-sugo-abrira-la-temporada-turistica-de-invierno-con-un-show-en-iguazu\/","title":{"rendered":"Lucas Sugo abrir\u00e1 la temporada turistica de invierno con un show en Iguaz\u00fa"},"content":{"rendered":"\n<p><\/p>\n\n\n\n<p><em>El pr\u00f3ximo 8 de julio, el&nbsp;reconocido cantautor uruguayo, le dar\u00e1 la bienvenida a las vacaciones de invierno con un espectacular show en la ciudad de las Cataratas.<\/em><\/p>\n\n\n\n<p>Con un espect\u00e1culo al aire libre y para todo p\u00fablico, el popular Lucas Sugo convertir\u00e1 la intersecci\u00f3n de la avenida Victoria Aguirre y Bra\u00f1as, en una verdadera fiesta, que dar\u00e1 inicio a la temporada turistica invernal misionera.<\/p>\n\n\n\n<p>En una apuesta conjunta del Ministerio de Turismo de la provincia, la Municipalidad de Puerto Iguaz\u00fa, y el Instituto Provincial de Loter\u00eda y Casino, el cantautor de \u00abHechicera\u00bb, \u00abCinco Minutos\u00bb, \u00abNudo en la Garganta\u00bb, y muchos \u00e9xitos m\u00e1s, har\u00e1 bailar a propios y turistas con un recorrido por su amplio repertorio, con el que, hace d\u00e9cadas conquista el coraz\u00f3n de sus seguidores.<\/p>\n\n\n\n<p>Lucas Alberto Sugo Rodr\u00edguez naci\u00f3 en Tacuaremb\u00f3, Uruguay, el 15 de abril de 1978. Sus comienzos en la m\u00fasica se dieron en 2002, siendo cantante y guitarrista del grupo \u201cSonido Profesional\u201d.<\/p>\n\n\n\n<p>En 2013 comienza su carrera solista. El 19 de diciembre publica su primer video, \u201cLluvia\u201d, un tema que cantaba con su antiguo grupo.<\/p>\n\n\n\n<p>En enero del 2014 se conoce su nuevo sencillo \u201cCinco Minutos\u201d, incluido en el \u00e1lbum \u201cSentimientos Encontrados\u201d.<\/p>\n\n\n\n<p>El 22 de septiembre de 2015 obtuvo sus 2 primeros Premios Graffiti, uno por el mejor \u00e1lbum tropical, gracias a su disco Sentimientos encontrados, y otro por la canci\u00f3n del a\u00f1o para el p\u00fablico, el tema \u00abCinco Minutos\u00bb -que fue el m\u00e1s votado-,&nbsp;catapult\u00e1ndolo a la fama internacional.<\/p>\n","protected":false},"excerpt":{"rendered":"<p>El pr\u00f3ximo 8 de julio, el&nbsp;reconocido cantautor uruguayo, le dar\u00e1 la bienvenida a las vacaciones<\/p>\n","protected":false},"author":1,"featured_media":29233,"comment_status":"open","ping_status":"open","sticky":false,"template":"","format":"standard","meta":{"footnotes":""},"categories":[1,222,226,234],"tags":[],"class_list":["post-29232","post","type-post","status-publish","format-standard","has-post-thumbnail","hentry","category-actualidad","category-cultura","category-locales","category-turismo"],"_links":{"self":[{"href":"https:\/\/actualizateiguazu.com\/v3\/wp-json\/wp\/v2\/posts\/29232","targetHints":{"allow":["GET"]}}],"collection":[{"href":"https:\/\/actualizateiguazu.com\/v3\/wp-json\/wp\/v2\/posts"}],"about":[{"href":"https:\/\/actualizateiguazu.com\/v3\/wp-json\/wp\/v2\/types\/post"}],"author":[{"embeddable":true,"href":"https:\/\/actualizateiguazu.com\/v3\/wp-json\/wp\/v2\/users\/1"}],"replies":[{"embeddable":true,"href":"https:\/\/actualizateiguazu.com\/v3\/wp-json\/wp\/v2\/comments?post=29232"}],"version-history":[{"count":1,"href":"https:\/\/actualizateiguazu.com\/v3\/wp-json\/wp\/v2\/posts\/29232\/revisions"}],"predecessor-version":[{"id":29234,"href":"https:\/\/actualizateiguazu.com\/v3\/wp-json\/wp\/v2\/posts\/29232\/revisions\/29234"}],"wp:featuredmedia":[{"embeddable":true,"href":"https:\/\/actualizateiguazu.com\/v3\/wp-json\/wp\/v2\/media\/29233"}],"wp:attachment":[{"href":"https:\/\/actualizateiguazu.com\/v3\/wp-json\/wp\/v2\/media?parent=29232"}],"wp:term":[{"taxonomy":"category","embeddable":true,"href":"https:\/\/actualizateiguazu.com\/v3\/wp-json\/wp\/v2\/categories?post=29232"},{"taxonomy":"post_tag","embeddable":true,"href":"https:\/\/actualizateiguazu.com\/v3\/wp-json\/wp\/v2\/tags?post=29232"}],"curies":[{"name":"wp","href":"https:\/\/api.w.org\/{rel}","templated":true}]}}