{"id":29242,"date":"2022-06-29T10:15:17","date_gmt":"2022-06-29T10:15:17","guid":{"rendered":"https:\/\/actualizateiguazu.com\/v3\/?p=29242"},"modified":"2022-06-29T10:15:20","modified_gmt":"2022-06-29T10:15:20","slug":"la-jubilada-neuquina-agredida-por-el-rumano-fue-trasladada-en-un-avion-sanitario-a-su-provincia","status":"publish","type":"post","link":"https:\/\/actualizateiguazu.com\/v3\/2022\/06\/29\/la-jubilada-neuquina-agredida-por-el-rumano-fue-trasladada-en-un-avion-sanitario-a-su-provincia\/","title":{"rendered":"La jubilada neuquina agredida por el rumano fue trasladada en un avi\u00f3n sanitario a su provincia"},"content":{"rendered":"\n<p>Graciela \u00c1lvarez sufri\u00f3 un feroz ataque mientras vacacionaba con amigas en Iguaz\u00fa. Un hombre de nacionalidad Rumana la golpe\u00f3 con una piedra en la cabeza y una vez ella en el piso volvi\u00f3 a agredirla, la mujer recibi\u00f3 los primeros auxilios en el lugar por parte de la colaboradora de los bomberos Laura Mercado quien practico RCP y la revivi\u00f3. Ayer por la tarde arribo a Neuqu\u00e9n en un vuelo sanitario y continuar\u00e1 su recuperaci\u00f3n en una cl\u00ednica privada<\/p>\n\n\n\n<p>El hecho ocurri\u00f3 el pasado 8 de junio, la mujer qued\u00f3 internada en grave estado de salud en el Hospital marta Schwartz de Puerto Iguaz\u00fa. Despu\u00e9s de muchos d\u00edas en grave estado y de transitar una lenta recuperaci\u00f3n finalmente recibi\u00f3 la noticia de la aprobaci\u00f3n de un avi\u00f3n sanitario para regresar a Neuqu\u00e9n y continuar la recuperaci\u00f3n con su familia.<\/p>\n\n\n\n<figure class=\"wp-block-image size-large\"><img loading=\"lazy\" decoding=\"async\" width=\"1024\" height=\"576\" src=\"https:\/\/actualizateiguazu.com\/v3\/wp-content\/uploads\/2022\/06\/WhatsApp-Image-2022-06-09-at-2.27.03-PM-1024x576.jpeg\" alt=\"\" class=\"wp-image-28624\" srcset=\"https:\/\/actualizateiguazu.com\/v3\/wp-content\/uploads\/2022\/06\/WhatsApp-Image-2022-06-09-at-2.27.03-PM-1024x576.jpeg 1024w, https:\/\/actualizateiguazu.com\/v3\/wp-content\/uploads\/2022\/06\/WhatsApp-Image-2022-06-09-at-2.27.03-PM-300x169.jpeg 300w, https:\/\/actualizateiguazu.com\/v3\/wp-content\/uploads\/2022\/06\/WhatsApp-Image-2022-06-09-at-2.27.03-PM-768x432.jpeg 768w, https:\/\/actualizateiguazu.com\/v3\/wp-content\/uploads\/2022\/06\/WhatsApp-Image-2022-06-09-at-2.27.03-PM-1536x864.jpeg 1536w, https:\/\/actualizateiguazu.com\/v3\/wp-content\/uploads\/2022\/06\/WhatsApp-Image-2022-06-09-at-2.27.03-PM-800x450.jpeg 800w, https:\/\/actualizateiguazu.com\/v3\/wp-content\/uploads\/2022\/06\/WhatsApp-Image-2022-06-09-at-2.27.03-PM.jpeg 1599w\" sizes=\"auto, (max-width: 1024px) 100vw, 1024px\" \/><\/figure>\n\n\n\n<p>El sujeto que la agredi\u00f3 est\u00e1 detenido de forma preventiva en Puerto Iguaz\u00fa, lo capturaron en el mismo momento en el que realiz\u00f3 el ataque y en estado de shock. El procedimiento fue realizado por un efectivo de la Polic\u00eda Federal Argentina que en ese momento prestaba servicio de control documentologico en la Terminal de \u00d3mnibus<\/p>\n\n\n\n<p>Seg\u00fan trascendi\u00f3 en los medios de comunicaci\u00f3n de Neuqu\u00e9n el detenido en primera instancia seria imputado por intento de femicidio, sin embargo tras las tras investigativas la causa pasar\u00eda a tentativa de homicidio calificado. Si bien el hecho tiene testigos y material f\u00edlmico que confirma la agresi\u00f3n lo que no se explica es la sa\u00f1a por atacarla, por qu\u00e9 realiz\u00f3 esta feroz golpiza.<\/p>\n\n\n\n<p>Graciela ya est\u00e1 en Neuqu\u00e9n, internada en una cl\u00ednica privada donde tiene que terminar su recuperaci\u00f3n ya que las heridas que le dej\u00f3 el ataque fueron muy graves.<\/p>\n","protected":false},"excerpt":{"rendered":"<p>Graciela \u00c1lvarez sufri\u00f3 un feroz ataque mientras vacacionaba con amigas en Iguaz\u00fa. Un hombre de<\/p>\n","protected":false},"author":1,"featured_media":29243,"comment_status":"open","ping_status":"open","sticky":false,"template":"","format":"standard","meta":{"footnotes":""},"categories":[1,226],"tags":[],"class_list":["post-29242","post","type-post","status-publish","format-standard","has-post-thumbnail","hentry","category-actualidad","category-locales"],"_links":{"self":[{"href":"https:\/\/actualizateiguazu.com\/v3\/wp-json\/wp\/v2\/posts\/29242","targetHints":{"allow":["GET"]}}],"collection":[{"href":"https:\/\/actualizateiguazu.com\/v3\/wp-json\/wp\/v2\/posts"}],"about":[{"href":"https:\/\/actualizateiguazu.com\/v3\/wp-json\/wp\/v2\/types\/post"}],"author":[{"embeddable":true,"href":"https:\/\/actualizateiguazu.com\/v3\/wp-json\/wp\/v2\/users\/1"}],"replies":[{"embeddable":true,"href":"https:\/\/actualizateiguazu.com\/v3\/wp-json\/wp\/v2\/comments?post=29242"}],"version-history":[{"count":1,"href":"https:\/\/actualizateiguazu.com\/v3\/wp-json\/wp\/v2\/posts\/29242\/revisions"}],"predecessor-version":[{"id":29244,"href":"https:\/\/actualizateiguazu.com\/v3\/wp-json\/wp\/v2\/posts\/29242\/revisions\/29244"}],"wp:featuredmedia":[{"embeddable":true,"href":"https:\/\/actualizateiguazu.com\/v3\/wp-json\/wp\/v2\/media\/29243"}],"wp:attachment":[{"href":"https:\/\/actualizateiguazu.com\/v3\/wp-json\/wp\/v2\/media?parent=29242"}],"wp:term":[{"taxonomy":"category","embeddable":true,"href":"https:\/\/actualizateiguazu.com\/v3\/wp-json\/wp\/v2\/categories?post=29242"},{"taxonomy":"post_tag","embeddable":true,"href":"https:\/\/actualizateiguazu.com\/v3\/wp-json\/wp\/v2\/tags?post=29242"}],"curies":[{"name":"wp","href":"https:\/\/api.w.org\/{rel}","templated":true}]}}