{"id":29267,"date":"2022-06-30T10:37:17","date_gmt":"2022-06-30T10:37:17","guid":{"rendered":"https:\/\/actualizateiguazu.com\/v3\/?p=29267"},"modified":"2022-06-30T10:37:20","modified_gmt":"2022-06-30T10:37:20","slug":"preven-en-iguazu-ocupacion-en-julio-con-picos-del-100","status":"publish","type":"post","link":"https:\/\/actualizateiguazu.com\/v3\/2022\/06\/30\/preven-en-iguazu-ocupacion-en-julio-con-picos-del-100\/","title":{"rendered":"Prev\u00e9n en Iguaz\u00fa ocupaci\u00f3n en julio con picos del 100%"},"content":{"rendered":"\n<p>Las expectativas en cuanto al desarrollo de la actividad tur\u00edstica para la temporada invernal son muy positivas en Puerto Iguaz\u00fa. Los empresarios est\u00e1n muy conformes con el rendimiento y el movimiento tur\u00edstico que se registr\u00f3 durante los primeros seis meses del a\u00f1o, por lo que estiman que julio ser\u00e1 un mes que marcar\u00e1 un nuevo hito e incluso podr\u00eda ser a\u00fan mejor que la temporada invernal m\u00e1s exitosa pre pandemia. <strong>Hasta el momento, estiman un 85 por ciento de ocupaci\u00f3n hotelera, con picos del 100 por ciento al inicio de la segunda quincena del pr\u00f3ximo me<\/strong>s.<\/p>\n\n\n\n<p>Al respecto, <strong>Leopoldo Lucas, presidente del Iguaz\u00fa Turismo Ente Municipal<\/strong> (Iturem), indic\u00f3: \u201cVenimos de registrar excelentes datos en cuanto al desenvolvimiento de los diferentes segmentos que conforman al destino. Los ingresos al Parque Nacional Iguaz\u00fa durante <strong>este primer semestre arrojan un promedio que oscila entre los 3.000 y 3.500 visitantes diarios. A su vez, la hoteler\u00eda, durante el mismo per\u00edodo, mantiene una media en torno al 70 por ciento<\/strong> que, justamente, ajustan nuestras perspectivas hacia la temporada alta\u201d.<\/p>\n\n\n\n<figure class=\"wp-block-image size-large\"><img loading=\"lazy\" decoding=\"async\" width=\"1024\" height=\"768\" src=\"https:\/\/actualizateiguazu.com\/v3\/wp-content\/uploads\/2022\/06\/IMG_20220626_103815991_HDR-1-1024x768.jpg\" alt=\"\" class=\"wp-image-29268\" srcset=\"https:\/\/actualizateiguazu.com\/v3\/wp-content\/uploads\/2022\/06\/IMG_20220626_103815991_HDR-1-1024x768.jpg 1024w, https:\/\/actualizateiguazu.com\/v3\/wp-content\/uploads\/2022\/06\/IMG_20220626_103815991_HDR-1-300x225.jpg 300w, https:\/\/actualizateiguazu.com\/v3\/wp-content\/uploads\/2022\/06\/IMG_20220626_103815991_HDR-1-768x576.jpg 768w, https:\/\/actualizateiguazu.com\/v3\/wp-content\/uploads\/2022\/06\/IMG_20220626_103815991_HDR-1-1536x1152.jpg 1536w, https:\/\/actualizateiguazu.com\/v3\/wp-content\/uploads\/2022\/06\/IMG_20220626_103815991_HDR-1-2048x1536.jpg 2048w, https:\/\/actualizateiguazu.com\/v3\/wp-content\/uploads\/2022\/06\/IMG_20220626_103815991_HDR-1-720x540.jpg 720w\" sizes=\"auto, (max-width: 1024px) 100vw, 1024px\" \/><\/figure>\n\n\n\n<p>El destino Iguaz\u00fa se prepara, de esta manera, para atender la demanda de los turistas brindando una serie de actividades que proponen recorrer puntos tur\u00edsticos importantes, conocer sobre la fauna y flora de la regi\u00f3n, la cultura milenaria en las comunidades guaran\u00edes y el turismo aventura.<\/p>\n\n\n\n<p>Iguaz\u00fa tiene m\u00e1s de 30 atractivos que conforman su oferta, junto con gastronom\u00eda y hoteler\u00eda de primer nivel, sumado a excelentes recursos humanos que hacen que sea un lugar privilegiado para pasar las vacaciones de invierno.<\/p>\n\n\n\n<p>\u201c<strong>Nuestras proyecciones para las vacaciones de invierno se sit\u00faan en un promedio por encima del 85 por ciento de ocupaci\u00f3n, con una media diaria de ingresos a Cataratas en cercan\u00edas de los 4.000 visitantes, junto con un sinf\u00edn de actividades que se podr\u00e1n realizar en nuestra maravillosa ciudad<\/strong>\u201d, recalc\u00f3 Lucas.<\/p>\n\n\n\n<p>Al mismo tiempo, manifest\u00f3 que \u201cpor supuesto que julio se desglosa de acuerdo a las diferentes etapas de vacaciones de cada una de las provincias. En ese sentido, esperamos un movimiento intenso y de mayor caudal a partir de la segunda quincena de julio, por lo tanto, hoy estamos trabajando intensamente en aggiornar cada uno de los segmentos que conforman nuestra oferta\u201d.<\/p>\n\n\n\n<p><strong>Reactivaci\u00f3n<\/strong><\/p>\n\n\n\n<figure class=\"wp-block-image size-large\"><img loading=\"lazy\" decoding=\"async\" width=\"1024\" height=\"768\" src=\"https:\/\/actualizateiguazu.com\/v3\/wp-content\/uploads\/2022\/06\/FB_IMG_1650232590037-1024x768.jpg\" alt=\"\" class=\"wp-image-29104\" srcset=\"https:\/\/actualizateiguazu.com\/v3\/wp-content\/uploads\/2022\/06\/FB_IMG_1650232590037-1024x768.jpg 1024w, https:\/\/actualizateiguazu.com\/v3\/wp-content\/uploads\/2022\/06\/FB_IMG_1650232590037-300x225.jpg 300w, https:\/\/actualizateiguazu.com\/v3\/wp-content\/uploads\/2022\/06\/FB_IMG_1650232590037-768x576.jpg 768w, https:\/\/actualizateiguazu.com\/v3\/wp-content\/uploads\/2022\/06\/FB_IMG_1650232590037-720x540.jpg 720w, https:\/\/actualizateiguazu.com\/v3\/wp-content\/uploads\/2022\/06\/FB_IMG_1650232590037.jpg 1080w\" sizes=\"auto, (max-width: 1024px) 100vw, 1024px\" \/><\/figure>\n\n\n\n<p>Desde el Iturem explicaron que en la actualidad, la actividad tur\u00edstica y el movimiento en general han retomado su curso normal, dejando atr\u00e1s todas las medidas referentes a los cierres generalizados. Esto plantea un escenario nuevo que vuelve a impulsar el slogan \u201cCataratas todo el a\u00f1o\u201d, pues adem\u00e1s de ser un atractivo como naturaleza, sustentabilidad, \u00e1rea natural, tambi\u00e9n lo es como destino trinacional y eso constituye una oferta en s\u00ed misma.<\/p>\n\n\n\n<p>A los efectos de que Iguaz\u00fa contin\u00fae creciendo como destino, el gobierno provincial en conjunto con el municipio de Puerto Iguaz\u00fa lleva adelante un conjunto de obras que vienen a sumar al desarrollo de la ciudad. Embellecer y actualizar Iguaz\u00fa parte de la idea de la reconversi\u00f3n en un destino inteligente para que cada vez m\u00e1s turistas lo elijan.<\/p>\n\n\n\n<p>\u201c<strong>Creemos que Iguaz\u00fa est\u00e1 preparada para transitar lo mejor. Esto es crecimiento exponencial como destino y mejores servicios para todos los turistas, y por supuesto, para la comunidad. Proyectamos un futuro promisorio en lo que ser\u00e1, en un principio, la temporada invernal 2022 y luego los diferentes escenarios estacionales que se vayan presentado<\/strong>\u201d, remat\u00f3 Lucas.<\/p>\n\n\n\n<p><strong>Lucas Sugo en la apertura<\/strong><\/p>\n\n\n\n<figure class=\"wp-block-image size-large\"><img loading=\"lazy\" decoding=\"async\" width=\"1024\" height=\"844\" src=\"https:\/\/actualizateiguazu.com\/v3\/wp-content\/uploads\/2022\/06\/Lucas-Sugo-en-Iguazu-1-1024x844.jpg\" alt=\"\" class=\"wp-image-29233\" srcset=\"https:\/\/actualizateiguazu.com\/v3\/wp-content\/uploads\/2022\/06\/Lucas-Sugo-en-Iguazu-1-1024x844.jpg 1024w, https:\/\/actualizateiguazu.com\/v3\/wp-content\/uploads\/2022\/06\/Lucas-Sugo-en-Iguazu-1-300x247.jpg 300w, https:\/\/actualizateiguazu.com\/v3\/wp-content\/uploads\/2022\/06\/Lucas-Sugo-en-Iguazu-1-768x633.jpg 768w, https:\/\/actualizateiguazu.com\/v3\/wp-content\/uploads\/2022\/06\/Lucas-Sugo-en-Iguazu-1-1536x1266.jpg 1536w, https:\/\/actualizateiguazu.com\/v3\/wp-content\/uploads\/2022\/06\/Lucas-Sugo-en-Iguazu-1-2048x1688.jpg 2048w\" sizes=\"auto, (max-width: 1024px) 100vw, 1024px\" \/><\/figure>\n\n\n\n<p>El pr\u00f3ximo viernes 8 de julio, el reconocido cantautor uruguayo Lucas Sugo les dar\u00e1 la bienvenida a las vacaciones de invierno con un show en la Ciudad de las Cataratas.<\/p>\n\n\n\n<p>Con un espect\u00e1culo al aire libre y para todo p\u00fablico, el artista convertir\u00e1 la intersecci\u00f3n de avenida Victoria Aguirre y Bra\u00f1as en una fiesta, que dar\u00e1 inicio a la temporada invernal misionera.<\/p>\n\n\n\n<p>En una apuesta conjunta del Ministerio de Turismo de la provincia, la Municipalidad de Puerto Iguaz\u00fa, y el Instituto Provincial de Loter\u00eda y Casinos (Iplyc), el cantautor de \u2018Hechicera\u2019, \u2018Cinco minutos\u2019,\u2019Nudo en la garganta\u2019 y muchos \u00e9xitos m\u00e1s har\u00e1 bailar a vecinos de Iguaz\u00fa y turistas con un recorrido por su amplio repertorio, con el que desde hace d\u00e9cadas conquista el coraz\u00f3n de sus seguidores.<\/p>\n\n\n\n<p><strong>Expectativas en la provincia<\/strong><\/p>\n\n\n\n<figure class=\"wp-block-image size-full\"><img loading=\"lazy\" decoding=\"async\" width=\"1024\" height=\"574\" src=\"https:\/\/actualizateiguazu.com\/v3\/wp-content\/uploads\/2022\/06\/Turismo-XXL.jpg\" alt=\"\" class=\"wp-image-29269\" srcset=\"https:\/\/actualizateiguazu.com\/v3\/wp-content\/uploads\/2022\/06\/Turismo-XXL.jpg 1024w, https:\/\/actualizateiguazu.com\/v3\/wp-content\/uploads\/2022\/06\/Turismo-XXL-300x168.jpg 300w, https:\/\/actualizateiguazu.com\/v3\/wp-content\/uploads\/2022\/06\/Turismo-XXL-768x431.jpg 768w\" sizes=\"auto, (max-width: 1024px) 100vw, 1024px\" \/><\/figure>\n\n\n\n<p>El ministro de Turismo, Jos\u00e9 Mar\u00eda Arr\u00faa, explic\u00f3: \u201c<strong>Nuestros n\u00fameros y plataformas de reservas nos dicen que nos est\u00e1 yendo bien y nos est\u00e1n posicionando mejor. Estamos viendo en el segmento internacional una vuelta a los vol\u00famenes prepandemia y esperamos que se siga fidelizando el segmento nacional, adem\u00e1s de que el misionero siga viajando por Misiones<\/strong>\u201d.<\/p>\n\n\n\n<p>El funcionario record\u00f3 que Misiones contar\u00e1 con diversos tipos de eventos que se desarrollar\u00e1n durante julio y agosto, con el objetivo de potenciar el destino y la afluencia de visitantes.<\/p>\n\n\n\n<p>De cara a las vacaciones de invierno, Arr\u00faa indic\u00f3 que \u201c<strong>estamos con un promedio de 80% de reservas en toda la provincia, con picos en Iguaz\u00fa, Posadas y zona Centro. Tenemos muchas expectativas en el turismo regional y en el segmento internacional, adem\u00e1s de los destinos nacionales y desde las grandes urbes<\/strong>\u201d.<\/p>\n","protected":false},"excerpt":{"rendered":"<p>Las expectativas en cuanto al desarrollo de la actividad tur\u00edstica para la temporada invernal son<\/p>\n","protected":false},"author":1,"featured_media":29103,"comment_status":"open","ping_status":"open","sticky":false,"template":"","format":"standard","meta":{"footnotes":""},"categories":[1,226,234],"tags":[],"class_list":["post-29267","post","type-post","status-publish","format-standard","has-post-thumbnail","hentry","category-actualidad","category-locales","category-turismo"],"_links":{"self":[{"href":"https:\/\/actualizateiguazu.com\/v3\/wp-json\/wp\/v2\/posts\/29267","targetHints":{"allow":["GET"]}}],"collection":[{"href":"https:\/\/actualizateiguazu.com\/v3\/wp-json\/wp\/v2\/posts"}],"about":[{"href":"https:\/\/actualizateiguazu.com\/v3\/wp-json\/wp\/v2\/types\/post"}],"author":[{"embeddable":true,"href":"https:\/\/actualizateiguazu.com\/v3\/wp-json\/wp\/v2\/users\/1"}],"replies":[{"embeddable":true,"href":"https:\/\/actualizateiguazu.com\/v3\/wp-json\/wp\/v2\/comments?post=29267"}],"version-history":[{"count":1,"href":"https:\/\/actualizateiguazu.com\/v3\/wp-json\/wp\/v2\/posts\/29267\/revisions"}],"predecessor-version":[{"id":29270,"href":"https:\/\/actualizateiguazu.com\/v3\/wp-json\/wp\/v2\/posts\/29267\/revisions\/29270"}],"wp:featuredmedia":[{"embeddable":true,"href":"https:\/\/actualizateiguazu.com\/v3\/wp-json\/wp\/v2\/media\/29103"}],"wp:attachment":[{"href":"https:\/\/actualizateiguazu.com\/v3\/wp-json\/wp\/v2\/media?parent=29267"}],"wp:term":[{"taxonomy":"category","embeddable":true,"href":"https:\/\/actualizateiguazu.com\/v3\/wp-json\/wp\/v2\/categories?post=29267"},{"taxonomy":"post_tag","embeddable":true,"href":"https:\/\/actualizateiguazu.com\/v3\/wp-json\/wp\/v2\/tags?post=29267"}],"curies":[{"name":"wp","href":"https:\/\/api.w.org\/{rel}","templated":true}]}}