{"id":29288,"date":"2022-07-01T00:47:54","date_gmt":"2022-07-01T00:47:54","guid":{"rendered":"https:\/\/actualizateiguazu.com\/v3\/?p=29288"},"modified":"2022-07-01T00:47:57","modified_gmt":"2022-07-01T00:47:57","slug":"patricia-bullrich-en-puerto-iguazu-mantuvo-reuniones-con-empresarios-y-militantes","status":"publish","type":"post","link":"https:\/\/actualizateiguazu.com\/v3\/2022\/07\/01\/patricia-bullrich-en-puerto-iguazu-mantuvo-reuniones-con-empresarios-y-militantes\/","title":{"rendered":"Patricia Bullrich en Puerto Iguaz\u00fa: mantuvo reuniones con empresarios y militantes"},"content":{"rendered":"\n<p>La titular del PRO, Patricia Bullrich, arrib\u00f3 a Puerto Iguaz\u00fa y particip\u00f3 de la presentaci\u00f3n del Consejo Provincial del PRO, junto con 55 asamble\u00edstas del espacio. Dicho encuentro se realiz\u00f3 en el Centro de Eventos y Convenciones del Amerian Portal del Iguaz\u00fa. En el lugar la espera un nutrido grupo de militantes dispuestos a escuchar la propuesta de la ex Ministra de Seguridad, que supo sembrar cari\u00f1o en la comunidad debido a las acciones contra el narcotr\u00e1fico, problem\u00e1tica que golpea de forma muy fuerte en las tres fronteras<\/p>\n\n\n\n<p>En un corto dialogo con la prensa Patricia Bullrich cont\u00f3 que viene trabajando y recorriendo el pa\u00eds con miras a las elecciones del 2.023 \u201c<strong>Estamos recorriendo todo el pa\u00eds. Vuelvo a Iguaz\u00fa para continuar trabajando con los temas de seguridad y narcotr\u00e1fico, pero tambi\u00e9n de apertura de comercio, de turismo, de la necesidad de tener una frontera abierta y que permita rapidez y fluidez, para solucionar temas que tiene la ciudad, como el agua<\/strong>\u201d<\/p>\n\n\n\n<figure class=\"wp-block-image size-large\"><img loading=\"lazy\" decoding=\"async\" width=\"1024\" height=\"768\" src=\"https:\/\/actualizateiguazu.com\/v3\/wp-content\/uploads\/2022\/07\/IMG_20220630_164901019-1024x768.jpg\" alt=\"\" class=\"wp-image-29293\" srcset=\"https:\/\/actualizateiguazu.com\/v3\/wp-content\/uploads\/2022\/07\/IMG_20220630_164901019-1024x768.jpg 1024w, https:\/\/actualizateiguazu.com\/v3\/wp-content\/uploads\/2022\/07\/IMG_20220630_164901019-300x225.jpg 300w, https:\/\/actualizateiguazu.com\/v3\/wp-content\/uploads\/2022\/07\/IMG_20220630_164901019-768x576.jpg 768w, https:\/\/actualizateiguazu.com\/v3\/wp-content\/uploads\/2022\/07\/IMG_20220630_164901019-1536x1152.jpg 1536w, https:\/\/actualizateiguazu.com\/v3\/wp-content\/uploads\/2022\/07\/IMG_20220630_164901019-2048x1536.jpg 2048w, https:\/\/actualizateiguazu.com\/v3\/wp-content\/uploads\/2022\/07\/IMG_20220630_164901019-720x540.jpg 720w\" sizes=\"auto, (max-width: 1024px) 100vw, 1024px\" \/><\/figure>\n\n\n\n<p>Entre varias cuestiones que le han planteado los empresarios, se refiri\u00f3 a la necesidad de un corredor tur\u00edstico para impulsar a\u00fan m\u00e1s el turismo e insisti\u00f3 en que la ciudad demanda de m\u00e1s vuelos internacionales. \u201c<strong>Vemos que la cantidad de turistas que viajan est\u00e1 a niveles antes de la pandemia y en Argentina no est\u00e1n llegando los vuelos internacionales a Puerto Iguaz\u00fa. Iguaazu en nuestro gobierno comenz\u00f3 a recibir vuelos internacionales, es una cuesti\u00f3n en la que se debe trabajar<\/strong>\u201d, refiri\u00f3 la dirigente del PRO en su visita a Iguaz\u00fa.<\/p>\n\n\n\n<p>Al ser consultada sobre la situaci\u00f3n del pa\u00eds, consider\u00f3 que \u201c<strong>estamos en una situaci\u00f3n de incertidumbre, la producci\u00f3n del pa\u00eds est\u00e1 paralizada por la falta de gasoil, en un pa\u00eds que tiene una de las reservas de gas m\u00e1s importante del mundo y eso est\u00e1 achicando el ingreso de divisas que est\u00e1 necesitando el pa\u00eds<\/strong>\u201d<\/p>\n\n\n\n<p>Respecto al contrabando, manifest\u00f3 que las asimetr\u00edas econ\u00f3micas y las retenciones est\u00e1n provocando este tipo de maniobras ilegales.<\/p>\n","protected":false},"excerpt":{"rendered":"<p>La titular del PRO, Patricia Bullrich, arrib\u00f3 a Puerto Iguaz\u00fa y particip\u00f3 de la presentaci\u00f3n<\/p>\n","protected":false},"author":1,"featured_media":29289,"comment_status":"open","ping_status":"open","sticky":false,"template":"","format":"standard","meta":{"footnotes":""},"categories":[1,226],"tags":[],"class_list":["post-29288","post","type-post","status-publish","format-standard","has-post-thumbnail","hentry","category-actualidad","category-locales"],"_links":{"self":[{"href":"https:\/\/actualizateiguazu.com\/v3\/wp-json\/wp\/v2\/posts\/29288","targetHints":{"allow":["GET"]}}],"collection":[{"href":"https:\/\/actualizateiguazu.com\/v3\/wp-json\/wp\/v2\/posts"}],"about":[{"href":"https:\/\/actualizateiguazu.com\/v3\/wp-json\/wp\/v2\/types\/post"}],"author":[{"embeddable":true,"href":"https:\/\/actualizateiguazu.com\/v3\/wp-json\/wp\/v2\/users\/1"}],"replies":[{"embeddable":true,"href":"https:\/\/actualizateiguazu.com\/v3\/wp-json\/wp\/v2\/comments?post=29288"}],"version-history":[{"count":1,"href":"https:\/\/actualizateiguazu.com\/v3\/wp-json\/wp\/v2\/posts\/29288\/revisions"}],"predecessor-version":[{"id":29294,"href":"https:\/\/actualizateiguazu.com\/v3\/wp-json\/wp\/v2\/posts\/29288\/revisions\/29294"}],"wp:featuredmedia":[{"embeddable":true,"href":"https:\/\/actualizateiguazu.com\/v3\/wp-json\/wp\/v2\/media\/29289"}],"wp:attachment":[{"href":"https:\/\/actualizateiguazu.com\/v3\/wp-json\/wp\/v2\/media?parent=29288"}],"wp:term":[{"taxonomy":"category","embeddable":true,"href":"https:\/\/actualizateiguazu.com\/v3\/wp-json\/wp\/v2\/categories?post=29288"},{"taxonomy":"post_tag","embeddable":true,"href":"https:\/\/actualizateiguazu.com\/v3\/wp-json\/wp\/v2\/tags?post=29288"}],"curies":[{"name":"wp","href":"https:\/\/api.w.org\/{rel}","templated":true}]}}