{"id":29350,"date":"2022-07-02T22:26:33","date_gmt":"2022-07-02T22:26:33","guid":{"rendered":"https:\/\/actualizateiguazu.com\/v3\/?p=29350"},"modified":"2022-07-02T22:26:36","modified_gmt":"2022-07-02T22:26:36","slug":"el-pais-se-quedo-sin-ministro-de-economia-renuncio-martin-guzman","status":"publish","type":"post","link":"https:\/\/actualizateiguazu.com\/v3\/2022\/07\/02\/el-pais-se-quedo-sin-ministro-de-economia-renuncio-martin-guzman\/","title":{"rendered":"El pa\u00eds se qued\u00f3 sin ministro de Econom\u00eda: renunci\u00f3 Mart\u00edn Guzm\u00e1n"},"content":{"rendered":"\n<p class=\"wp-block-paragraph\">\u00abCon la profunda convicci\u00f3n y la confianza en mi visi\u00f3n sobre cu\u00e1l es el camino que debe seguir la Argentina, seguir\u00e9 trabajando y actuando por una Patria m\u00e1s justa, libre y soberana\u00bb, afirm\u00f3. Mart\u00edn Guzm\u00e1n renunci\u00f3 a su cargo como ministro de Econom\u00eda, seg\u00fan un comunicado publicado en la tarde de este s\u00e1bado en su cuenta de la red social Twitter.<\/p>\n\n\n\n<p class=\"wp-block-paragraph\">\u00abCon la profunda convicci\u00f3n y la confianza en mi visi\u00f3n sobre cu\u00e1l es el camino que debe seguir la Argentina, seguir\u00e9 trabajando y actuando por una Patria m\u00e1s justa, libre y soberana\u00bb, afirm\u00f3 Guzm\u00e1n con un tuit en el que comparti\u00f3 su carta de renuncia.<\/p>\n\n\n\n<p class=\"wp-block-paragraph\">En su extenso texto anunciando su decisi\u00f3n, de 7 carillas, Guzm\u00e1n recuerda que \u00abdesde el d\u00eda en que los argentinos y las argentinas percibimos que usted pod\u00eda llegar a ser el Presidente de la Naci\u00f3n, busqu\u00e9 ser su ministro de Econom\u00eda\u00bb y caracteriza aquel momento como \u00abtiempos muy dif\u00edciles\u00bb en los que -dice- \u00absent\u00eda que mi responsabilidad con la Patria, con mi pueblo y con mi familia era aportar a la construcci\u00f3n de una salida a la crisis econ\u00f3mica que viv\u00eda el pa\u00eds\u00bb.<\/p>\n\n\n\n<p class=\"wp-block-paragraph\">Sin embargo, poco m\u00e1s adelante Guzm\u00e1n reconoce una temprana frustraci\u00f3n. \u00abLa primera vez que le habl\u00e9 a la Argentina como ministro de Econom\u00eda de la Naci\u00f3n, cont\u00e9 que nuestro objetivo era tranquilizar la econom\u00eda. Puede que a varios ese concepto no les genere demasiado entusiasmo, pero a m\u00ed siempre me pareci\u00f3 (y me parece) que tranquilizar la econom\u00eda constituir\u00eda una verdadera \u00e9pica\u00bb, se\u00f1ala.<\/p>\n\n\n\n<p class=\"wp-block-paragraph\">Para lograrlo, prosigue, \u00abUna condici\u00f3n necesaria (&#8230;) era resolver el problema de las deudas externas insostenibles, que agobiaban tanto al Estado como a la Argentina toda. \u00c9se era un punto de partida. Una condici\u00f3n necesaria, no suficiente, para sacar al pa\u00eds del sendero recesivo con destrucci\u00f3n de puestos de trabajo y de empresas por el que ven\u00eda transitando, y retomar una senda de progreso econ\u00f3mico y social\u00bb.<\/p>\n\n\n\n<p class=\"wp-block-paragraph\">Escenario singular<\/p>\n\n\n\n<p class=\"wp-block-paragraph\">\u00abQuiero agradecerle profundamente por confiar en m\u00ed y en el equipo que hemos conformado en el Ministerio por estos m\u00e1s de 30 meses de trabajo, los cuales estuvieron marcados por un escenario absolutamente singular. Al asumir nuestro gobierno, Argentina se encontraba sumida en una profunda crisis econ\u00f3mica, social y de deuda, y a ello se le agreg\u00f3 primero una pandemia global y luego la actual guerra en Ucrania, que han sido profundamente disruptivas del funcionamiento del sistema econ\u00f3mico internacional\u00bb, marc\u00f3 el ahora ex jefe del equipo econ\u00f3mico del gobierno nacional.<\/p>\n\n\n\n<p class=\"wp-block-paragraph\">\u00abHoy la econom\u00eda contin\u00faa creciendo y generando empleo, habiendo pasado ya la primera revisi\u00f3n de aquel programa, y habiendo logrado adaptarlo a las circunstancias globales cambiantes en el contexto de la guerra en Ucrania\u00bb, sigui\u00f3.<\/p>\n\n\n\n<p class=\"wp-block-paragraph\">Adem\u00e1s, estableci\u00f3 que \u00abpor delante, ser\u00e1 fundamental continuar fortaleciendo la consistencia macroecon\u00f3mica, incluyendo a las pol\u00edticas fiscal, monetaria, de financiamiento, cambiaria y energ\u00e9tica, as\u00ed como la coordinaci\u00f3n v\u00eda pol\u00edticas de precios e ingresos, para atacar la problem\u00e1tica inflacionaria que da\u00f1a al funcionamiento de nuestra econom\u00eda y lograr continuar recuperando el poder adquisitivo de los ingresos\u00bb<\/p>\n\n\n\n<p class=\"wp-block-paragraph\">\u00abPor la nueva legislaci\u00f3n que nuestro propio gobierno hab\u00eda propuesto, por primera vez en la historia un acuerdo con el FMI tuvo que ser sometido a la consideraci\u00f3n del Congreso de la Naci\u00f3n para su aprobaci\u00f3n, que finalmente ocurri\u00f3 con 80% de votos afirmativos. M\u00e1s all\u00e1 de las incertidumbres que generaron las divisiones en el Congreso, este proceso constituy\u00f3 un paso hist\u00f3rico hacia adelante para nuestra Rep\u00fablica\u00bb.<\/p>\n\n\n\n<p class=\"wp-block-paragraph\">Fuente: El Territorio<\/p>\n","protected":false},"excerpt":{"rendered":"<p>\u00abCon la profunda convicci\u00f3n y la confianza en mi visi\u00f3n sobre cu\u00e1l es el camino<\/p>\n","protected":false},"author":1,"featured_media":29351,"comment_status":"open","ping_status":"open","sticky":false,"template":"","format":"standard","meta":{"footnotes":""},"categories":[1,227],"tags":[],"class_list":["post-29350","post","type-post","status-publish","format-standard","has-post-thumbnail","hentry","category-actualidad","category-nacionales"],"_links":{"self":[{"href":"https:\/\/actualizateiguazu.com\/v3\/wp-json\/wp\/v2\/posts\/29350","targetHints":{"allow":["GET"]}}],"collection":[{"href":"https:\/\/actualizateiguazu.com\/v3\/wp-json\/wp\/v2\/posts"}],"about":[{"href":"https:\/\/actualizateiguazu.com\/v3\/wp-json\/wp\/v2\/types\/post"}],"author":[{"embeddable":true,"href":"https:\/\/actualizateiguazu.com\/v3\/wp-json\/wp\/v2\/users\/1"}],"replies":[{"embeddable":true,"href":"https:\/\/actualizateiguazu.com\/v3\/wp-json\/wp\/v2\/comments?post=29350"}],"version-history":[{"count":1,"href":"https:\/\/actualizateiguazu.com\/v3\/wp-json\/wp\/v2\/posts\/29350\/revisions"}],"predecessor-version":[{"id":29352,"href":"https:\/\/actualizateiguazu.com\/v3\/wp-json\/wp\/v2\/posts\/29350\/revisions\/29352"}],"wp:featuredmedia":[{"embeddable":true,"href":"https:\/\/actualizateiguazu.com\/v3\/wp-json\/wp\/v2\/media\/29351"}],"wp:attachment":[{"href":"https:\/\/actualizateiguazu.com\/v3\/wp-json\/wp\/v2\/media?parent=29350"}],"wp:term":[{"taxonomy":"category","embeddable":true,"href":"https:\/\/actualizateiguazu.com\/v3\/wp-json\/wp\/v2\/categories?post=29350"},{"taxonomy":"post_tag","embeddable":true,"href":"https:\/\/actualizateiguazu.com\/v3\/wp-json\/wp\/v2\/tags?post=29350"}],"curies":[{"name":"wp","href":"https:\/\/api.w.org\/{rel}","templated":true}]}}