{"id":29381,"date":"2022-07-04T00:30:21","date_gmt":"2022-07-04T00:30:21","guid":{"rendered":"https:\/\/actualizateiguazu.com\/v3\/?p=29381"},"modified":"2022-07-04T00:30:23","modified_gmt":"2022-07-04T00:30:23","slug":"el-binomio-lucas-y-alejandro-ritter-se-llevo-el-rally-de-san-javier","status":"publish","type":"post","link":"https:\/\/actualizateiguazu.com\/v3\/2022\/07\/04\/el-binomio-lucas-y-alejandro-ritter-se-llevo-el-rally-de-san-javier\/","title":{"rendered":"El binomio Lucas y Alejandro Ritter se llev\u00f3 el rally de San Javier"},"content":{"rendered":"\n<p class=\"wp-block-paragraph\">La dupla de Arist\u00f3bulo del Valle integrada por Lucas y Alejandro Ritter (Renault 18) gan\u00f3 la tercera fecha del Campeonato Misionero de Rally, que se disput\u00f3 por los caminos vecinales de San Javier, ante un gran marco de p\u00fablico.<\/p>\n\n\n\n<p class=\"wp-block-paragraph\">La dupla Ritter-Ritter cerr\u00f3 un fin de semana perfecto porque adem\u00e1s de ganar de punta a punta, sus rivales directores en el campeonato no pudieron sumar muchos puntos, por lo que se escapa en la cima del campeonato del Grupo A.<\/p>\n\n\n\n<p class=\"wp-block-paragraph\">Segundo en el Grupo A fue el binomio integrado por el Pato Doro\u00f1uk y el m\u00e9dico local Dyngo Mendoza, por lo que fue una fiesta el podio. Tercero lleg\u00f3 la dupla de Campo Viera integrada por Cristian Lewtak y Jorge Kondratiuk (VW Gol), que por primera vez subi\u00f3 al podio.<\/p>\n\n\n\n<p class=\"wp-block-paragraph\">En la N2, los posade\u00f1os Horacio Sauer-Agust\u00edn Schuster (Ford Ka) lograron su primera victoria en la categor\u00eda. La dupla de Leandro N. Alem Luis Da Luz-Lucas Houchuk (Ford Fiesta) lleg\u00f3 segundo y tercero qued\u00f3 la dupla integrada por Nancy Weber-Francisco R\u00e9pula (Renault Cl\u00edo).<\/p>\n\n\n\n<p class=\"wp-block-paragraph\">El binomio posade\u00f1o Jonathan Nesse-Luis Garc\u00eda (Citro\u00ebn C4 VTS) volvi\u00f3 a vencer en la Clase N3. El podio lo completaron Jos\u00e9 Luis Stellmazchuk-Carlos Pristupa (VW Gol Trend) y Fernando Schmit-Talia Ryzuk (Ford Ka)<\/p>\n\n\n\n<p class=\"wp-block-paragraph\">La AZ Light qued\u00f3 en manos de la dupla de San Vicente integrado por Maicon Paulus-Cristian Polzhuber (VW Gol). Segundo qued\u00f3 Diego Czajkowski-Walter Belgtatt (VW Gol) y el tercer puesto en suspenso y se definir\u00e1 en la semana.<\/p>\n\n\n\n<p class=\"wp-block-paragraph\">La categor\u00eda Hibrido qued\u00f3 en manos de Ernesto Muchewicz-Fabio Bloch (VW Gol).<\/p>\n\n\n\n<p class=\"wp-block-paragraph\">En la N6, el binomio de Concepci\u00f3n de la Sierra integrado por Jos\u00e9 Igoa-Gustavo Wolhein (VW Senda) logr\u00f3 su segunda victoria consecutiva. Segundo qued\u00f3 la dupla de Santa Rita Sa\u00fal D\u00edaz-Lucas Olivera (VW Senda) y tercero termin\u00f3 Mario Steurer-Dyango Barrios (VW Gol), quien sigue como l\u00edder del torneo.<\/p>\n\n\n\n<p class=\"wp-block-paragraph\">Entre las motos el piloto de Leandro N. Alem Sebasti\u00e1n Otto gan\u00f3 la general y la E3. La primera etapa de la E2 qued\u00f3 en manos de Leandro Korol. La E4 la domin\u00f3 Carlos Stemaszuk y la E1 fue para Lucas Horianski.<\/p>\n\n\n\n<p class=\"wp-block-paragraph\">Entre los Quad, el experimentado piloto de Leandro N. Alem Germ\u00e1n Wolenberg se llev\u00f3 la etapa en la categor\u00eda A y en la general. En la categor\u00eda B gan\u00f3 el obere\u00f1o Jonathan B\u00e1ez.<\/p>\n\n\n\n<p class=\"wp-block-paragraph\">La pr\u00f3xima fecha, la cuarta del calendario ser\u00e1 el 30 y 31 julio en la localidad de Alba Posse.<\/p>\n","protected":false},"excerpt":{"rendered":"<p>La dupla de Arist\u00f3bulo del Valle integrada por Lucas y Alejandro Ritter (Renault 18) gan\u00f3<\/p>\n","protected":false},"author":1,"featured_media":29382,"comment_status":"open","ping_status":"open","sticky":false,"template":"","format":"standard","meta":{"footnotes":""},"categories":[223],"tags":[],"class_list":["post-29381","post","type-post","status-publish","format-standard","has-post-thumbnail","hentry","category-deportes"],"_links":{"self":[{"href":"https:\/\/actualizateiguazu.com\/v3\/wp-json\/wp\/v2\/posts\/29381","targetHints":{"allow":["GET"]}}],"collection":[{"href":"https:\/\/actualizateiguazu.com\/v3\/wp-json\/wp\/v2\/posts"}],"about":[{"href":"https:\/\/actualizateiguazu.com\/v3\/wp-json\/wp\/v2\/types\/post"}],"author":[{"embeddable":true,"href":"https:\/\/actualizateiguazu.com\/v3\/wp-json\/wp\/v2\/users\/1"}],"replies":[{"embeddable":true,"href":"https:\/\/actualizateiguazu.com\/v3\/wp-json\/wp\/v2\/comments?post=29381"}],"version-history":[{"count":1,"href":"https:\/\/actualizateiguazu.com\/v3\/wp-json\/wp\/v2\/posts\/29381\/revisions"}],"predecessor-version":[{"id":29383,"href":"https:\/\/actualizateiguazu.com\/v3\/wp-json\/wp\/v2\/posts\/29381\/revisions\/29383"}],"wp:featuredmedia":[{"embeddable":true,"href":"https:\/\/actualizateiguazu.com\/v3\/wp-json\/wp\/v2\/media\/29382"}],"wp:attachment":[{"href":"https:\/\/actualizateiguazu.com\/v3\/wp-json\/wp\/v2\/media?parent=29381"}],"wp:term":[{"taxonomy":"category","embeddable":true,"href":"https:\/\/actualizateiguazu.com\/v3\/wp-json\/wp\/v2\/categories?post=29381"},{"taxonomy":"post_tag","embeddable":true,"href":"https:\/\/actualizateiguazu.com\/v3\/wp-json\/wp\/v2\/tags?post=29381"}],"curies":[{"name":"wp","href":"https:\/\/api.w.org\/{rel}","templated":true}]}}