{"id":29595,"date":"2022-07-09T20:34:58","date_gmt":"2022-07-09T23:34:58","guid":{"rendered":"https:\/\/actualizateiguazu.com\/v3\/?p=29595"},"modified":"2022-07-09T20:35:00","modified_gmt":"2022-07-09T23:35:00","slug":"mbokajaty-denuncio-un-nuevo-hecho-de-intrusion-en-la-comunidad","status":"publish","type":"post","link":"https:\/\/actualizateiguazu.com\/v3\/2022\/07\/09\/mbokajaty-denuncio-un-nuevo-hecho-de-intrusion-en-la-comunidad\/","title":{"rendered":"Mbokajaty denunci\u00f3 un nuevo hecho de intrusi\u00f3n en la Comunidad"},"content":{"rendered":"\n<p>La Comunidad Mbokajaty, establecida en San Ignacio, otra vez est\u00e1 siendo v\u00edctima de los intereses econ\u00f3micos de terceros. La calma del monte y sus guardianes se encontr\u00f3 irrumpida cuando se toparon con la desgarradora imagen de un grupo de personas que se encontraba macheteando y colocando mojones para delimitar lo que consideran su propiedad.<\/p>\n\n\n\n<p><strong>En un primer momento, miembros de la Comunidad se acercaron para conocer su procedencia, a lo que los intrusos respondieron que eran empleados, -uno de ellos dijo llamarse Ram\u00f3n- pero que su patr\u00f3n se acercar\u00eda luego para conversar con ellos.<\/strong><\/p>\n\n\n\n<p>Horas m\u00e1s tarde, esta persona lleg\u00f3 sin \u00e1nimos de establecer un di\u00e1logo amable e insisti\u00f3 en su postura de terminar lo que empez\u00f3. Aunque no dio su nombre, trascendi\u00f3 que ser\u00eda un empresario de San Ignacio, ligado a un reconocido club de verano de dicha localidad.<\/p>\n\n\n\n<p>Tras este episodio, Silvio M\u00e9ndez, miembro de Mbokajaty, realiz\u00f3 una denuncia en la Unidad Regional XIII del municipio, donde dej\u00f3 constancia de lo sucedido: \u201c<strong>Est\u00e1n haciendo la macheteada en el territorio relevado por la ley 26160, me dijo que van a hacer todo el cerco, pero est\u00e1n en nuestro territorio. Nosotros queremos que salgan todos, que no sigan macheteando, que no hagan nada en el territorio; ni los cercos, ni las casas, porque en este territorio nosotros tenemos nuestra medicina, sacamos talla de madera para hacer artesan\u00edas, plantas medicinales, por eso queremos que quede reservado<\/strong>\u201d, consta en la denuncia realizada en el d\u00eda de ayer.<\/p>\n\n\n\n<p>La situaci\u00f3n es indignante ya que, una vez m\u00e1s, se est\u00e1n violando los derechos ind\u00edgenas y por ende, se est\u00e1n pasando por alto las normas constitucionales y leyes que rigen a nivel nacional y provincial.<\/p>\n\n\n\n<p>\u201c<strong>No s\u00e9 por qu\u00e9 siguen entrando los intrusos sobre los territorios de los Pueblos Ind\u00edgenas, la verdad que es una l\u00e1stima. Yo promet\u00ed seguir luchando por mi territorio, cuando nosotros ya no estemos, queremos que puedan estar tranquilos los ni\u00f1os en las Comunidades, porque nos pertenece<\/strong>\u201d, lament\u00f3 Silvio M\u00e9ndez.<\/p>\n\n\n\n<p><strong>Antecedentes<\/strong><\/p>\n\n\n\n<p>Ante este escenario, es preciso recordar que no es la primera vez que Mbokajaty sufre un hecho de este calibre. Sin ir m\u00e1s lejos, en marzo pasado una violenta situaci\u00f3n se desat\u00f3 en la Comunidad cuando una familia de polic\u00edas, de apellido Almoa, adem\u00e1s de intrusar el territorio los atacaron con insultos, golpes, empujones y burlas hacia su idioma. Todo qued\u00f3 registrado en videos que fueron viralizados en redes sociales y medios period\u00edsticos.<\/p>\n\n\n\n<p>El hecho, pese a su difusi\u00f3n y a haber sido denunciado ante el Instituto Nacional contra la Discriminaci\u00f3n, la Xenofobia y el Racismo (Inadi), el Ministerio de Ecolog\u00eda y el Ministerio de Gobierno, a\u00fan contin\u00faa sin sanciones y los violentos siguen impunes.<\/p>\n\n\n\n<p>Mientras que, anteriormente, hab\u00edan advertido que en su territorio se estaban realizando tareas de desmonte y trabajo sobre el suelo, con la intenci\u00f3n de instalar una vivienda perteneciente a una persona de apellido C\u00e1rdenas, de Posadas. Cuando se acercaron a la comisar\u00eda, en primera instancia, en un acto ilegal, discriminatorio y arbitrario, se negaron a tomarles la denuncia.<\/p>\n\n\n\n<p>Mbokajaty y todo el Pueblo Mbya necesita justicia. Necesita que el Estado se haga presente y garantice el respeto que se merecen, porque no existe otra forma de mantener viva su cultura que, conservando sus territorios, aquellos de los que fueron despojados tantas veces y por los que seguir\u00e1n luchando mientras el legado guaran\u00ed siga ardiendo bajo la piel.<\/p>\n","protected":false},"excerpt":{"rendered":"<p>La Comunidad Mbokajaty, establecida en San Ignacio, otra vez est\u00e1 siendo v\u00edctima de los intereses<\/p>\n","protected":false},"author":1,"featured_media":29596,"comment_status":"open","ping_status":"open","sticky":false,"template":"","format":"standard","meta":{"footnotes":""},"categories":[1,229],"tags":[],"class_list":["post-29595","post","type-post","status-publish","format-standard","has-post-thumbnail","hentry","category-actualidad","category-provinciales"],"_links":{"self":[{"href":"https:\/\/actualizateiguazu.com\/v3\/wp-json\/wp\/v2\/posts\/29595","targetHints":{"allow":["GET"]}}],"collection":[{"href":"https:\/\/actualizateiguazu.com\/v3\/wp-json\/wp\/v2\/posts"}],"about":[{"href":"https:\/\/actualizateiguazu.com\/v3\/wp-json\/wp\/v2\/types\/post"}],"author":[{"embeddable":true,"href":"https:\/\/actualizateiguazu.com\/v3\/wp-json\/wp\/v2\/users\/1"}],"replies":[{"embeddable":true,"href":"https:\/\/actualizateiguazu.com\/v3\/wp-json\/wp\/v2\/comments?post=29595"}],"version-history":[{"count":1,"href":"https:\/\/actualizateiguazu.com\/v3\/wp-json\/wp\/v2\/posts\/29595\/revisions"}],"predecessor-version":[{"id":29597,"href":"https:\/\/actualizateiguazu.com\/v3\/wp-json\/wp\/v2\/posts\/29595\/revisions\/29597"}],"wp:featuredmedia":[{"embeddable":true,"href":"https:\/\/actualizateiguazu.com\/v3\/wp-json\/wp\/v2\/media\/29596"}],"wp:attachment":[{"href":"https:\/\/actualizateiguazu.com\/v3\/wp-json\/wp\/v2\/media?parent=29595"}],"wp:term":[{"taxonomy":"category","embeddable":true,"href":"https:\/\/actualizateiguazu.com\/v3\/wp-json\/wp\/v2\/categories?post=29595"},{"taxonomy":"post_tag","embeddable":true,"href":"https:\/\/actualizateiguazu.com\/v3\/wp-json\/wp\/v2\/tags?post=29595"}],"curies":[{"name":"wp","href":"https:\/\/api.w.org\/{rel}","templated":true}]}}