{"id":30045,"date":"2022-07-27T19:26:27","date_gmt":"2022-07-27T22:26:27","guid":{"rendered":"https:\/\/actualizateiguazu.com\/v3\/?p=30045"},"modified":"2022-07-27T19:26:30","modified_gmt":"2022-07-27T22:26:30","slug":"prevencion-de-consumos-problematicos-y-adicciones-en-la-escuela","status":"publish","type":"post","link":"https:\/\/actualizateiguazu.com\/v3\/2022\/07\/27\/prevencion-de-consumos-problematicos-y-adicciones-en-la-escuela\/","title":{"rendered":"Prevenci\u00f3n de consumos problem\u00e1ticos y adicciones en la escuela"},"content":{"rendered":"\n<p>Desde el Ministerio de Educaci\u00f3n recuerdan a la comunidad educativa qu\u00e9, entre los cursos autoasistidos de Aulas Abiertas de la Plataforma Guacurar\u00ed, se encuentra disponible el curso de \u201cPrevenci\u00f3n de Consumos Problem\u00e1ticos y Adicciones\u201d, el cual cuenta con valoraci\u00f3n docente.<\/p>\n\n\n\n<p>A trav\u00e9s de este material, se busca aportar al desarrollo de un marco de referencia sobre la actuaci\u00f3n en la situaci\u00f3n del consumo problem\u00e1tico, junto con el dise\u00f1o de acciones de prevenci\u00f3n en los distintos niveles educativos, y est\u00e1 primordialmente orientado a la promoci\u00f3n de la salud integral de las personas.<\/p>\n\n\n\n<p>Algunos de los objetivos primordiales del curso son: construir conocimientos para la detecci\u00f3n temprana de las conductas referidas al consumo problem\u00e1tico y visibilizar, en clave preventiva, pr\u00e1cticas de cuidado para el abordaje de estrategias de prevenci\u00f3n de los consumos problem\u00e1ticos en el \u00e1mbito educativo.<\/p>\n\n\n\n<p>A lo largo del primer m\u00f3dulo se abordan conceptos b\u00e1sicos, como nociones centrales de representaciones sociales, consumos problem\u00e1ticos\/adicciones y su multicausalidad. En el segundo m\u00f3dulo se encuentran disponibles las herramientas para realizar un proyecto preventivo y una autoevaluaci\u00f3n de su trayectoria por el mismo, adaptados para el nivel educativo en el cual cada docente se desempe\u00f1a.<\/p>\n\n\n\n<p>Esta es una iniciativa en el marco del trabajo articulado y estrat\u00e9gico entre la Plataforma Guacurar\u00ed, la Direcci\u00f3n de TIC y el Ministerio de Prevenci\u00f3n de Adicciones y Control de Drogas, entendiendo que para prevenir y controlar los consumos problem\u00e1ticos es importante disponer de acceso a la informaci\u00f3n y a la educaci\u00f3n en todos los niveles.<\/p>\n","protected":false},"excerpt":{"rendered":"<p>Desde el Ministerio de Educaci\u00f3n recuerdan a la comunidad educativa qu\u00e9, entre los cursos autoasistidos<\/p>\n","protected":false},"author":1,"featured_media":30046,"comment_status":"open","ping_status":"open","sticky":false,"template":"","format":"standard","meta":{"footnotes":""},"categories":[1,229],"tags":[],"class_list":["post-30045","post","type-post","status-publish","format-standard","has-post-thumbnail","hentry","category-actualidad","category-provinciales"],"_links":{"self":[{"href":"https:\/\/actualizateiguazu.com\/v3\/wp-json\/wp\/v2\/posts\/30045","targetHints":{"allow":["GET"]}}],"collection":[{"href":"https:\/\/actualizateiguazu.com\/v3\/wp-json\/wp\/v2\/posts"}],"about":[{"href":"https:\/\/actualizateiguazu.com\/v3\/wp-json\/wp\/v2\/types\/post"}],"author":[{"embeddable":true,"href":"https:\/\/actualizateiguazu.com\/v3\/wp-json\/wp\/v2\/users\/1"}],"replies":[{"embeddable":true,"href":"https:\/\/actualizateiguazu.com\/v3\/wp-json\/wp\/v2\/comments?post=30045"}],"version-history":[{"count":1,"href":"https:\/\/actualizateiguazu.com\/v3\/wp-json\/wp\/v2\/posts\/30045\/revisions"}],"predecessor-version":[{"id":30047,"href":"https:\/\/actualizateiguazu.com\/v3\/wp-json\/wp\/v2\/posts\/30045\/revisions\/30047"}],"wp:featuredmedia":[{"embeddable":true,"href":"https:\/\/actualizateiguazu.com\/v3\/wp-json\/wp\/v2\/media\/30046"}],"wp:attachment":[{"href":"https:\/\/actualizateiguazu.com\/v3\/wp-json\/wp\/v2\/media?parent=30045"}],"wp:term":[{"taxonomy":"category","embeddable":true,"href":"https:\/\/actualizateiguazu.com\/v3\/wp-json\/wp\/v2\/categories?post=30045"},{"taxonomy":"post_tag","embeddable":true,"href":"https:\/\/actualizateiguazu.com\/v3\/wp-json\/wp\/v2\/tags?post=30045"}],"curies":[{"name":"wp","href":"https:\/\/api.w.org\/{rel}","templated":true}]}}