{"id":30051,"date":"2022-07-28T07:09:41","date_gmt":"2022-07-28T10:09:41","guid":{"rendered":"https:\/\/actualizateiguazu.com\/v3\/?p=30051"},"modified":"2022-07-28T07:09:43","modified_gmt":"2022-07-28T10:09:43","slug":"un-frente-frio-provocara-lluvias-y-descenso-de-las-temperaturas","status":"publish","type":"post","link":"https:\/\/actualizateiguazu.com\/v3\/2022\/07\/28\/un-frente-frio-provocara-lluvias-y-descenso-de-las-temperaturas\/","title":{"rendered":"Un frente frio provocar\u00e1 lluvias y descenso de las temperaturas"},"content":{"rendered":"\n<p>La Direcci\u00f3n General de Alerta Temprana de la Subsecretar\u00eda de Ordenamiento Territorial del Ministerio de Ecolog\u00eda y RNR de la Provincia de Misiones dio a conocer la previsi\u00f3n del tiempo para los pr\u00f3ximos d\u00edas<strong>. Se espera la llegada de un frente frio que provocar\u00e1 lluvias y un descenso de las temperaturas con m\u00ednimas de 6 y 8 grados para el fin de semana<\/strong>.<\/p>\n\n\n\n<p>El informe indica que hoy jueves el cielo estar\u00e1 parcialmente nublado, aumentar\u00eda la nubosidad desde el mediod\u00eda; se espera el avance de una masa de aire fr\u00edo que provocar\u00e1 lluvias hacia el final de la tarde en gran parte de la provincia.&nbsp; A media tarde, los vientos del norte pasar\u00e1n a soplar del oeste y luego del suroeste propiciando as\u00ed el descenso de temperaturas. En zonas sur y centro, las temperaturas m\u00ednimas se dar\u00e1n a la noche.<\/p>\n\n\n\n<p>Las precipitaciones estimadas oscilaran entre 2 y 11 mm para la provincia. <strong>Respecto a las temperaturas, la m\u00e1xima en la provincia estimada en 30 \u00b0C para Montecarlo con 31 \u00b0C de sensaci\u00f3n t\u00e9rmica, la m\u00ednima ser\u00eda de 13\u00b0C a la noche para Ap\u00f3stoles.<\/strong><\/p>\n\n\n\n<p><strong>Para el viernes<\/strong> la direcci\u00f3n estima que llegar\u00eda el fr\u00edo, con lluvia de madrugada y r\u00e1pida mejora del tiempo. El avance de un frente fr\u00edo asociado a un cicl\u00f3n extratropical sobre el Atl\u00e1ntico provoca lluvias en la provincia durante la madrugada; mejora durante la ma\u00f1ana y comienza a disminuir la nubosidad.<strong> Las bajas temperaturas se har\u00e1n sentir con m\u00ednimas de 7-8 \u00b0C tanto al inicio como al final de la jornada. La m\u00e1xima en la provincia no superar\u00eda los 19 grados para Puerto Iguaz\u00fa, la m\u00ednima ser\u00eda de 7 \u00b0C en Bernardo de Irigoyen con 4 \u00b0C de sensaci\u00f3n t\u00e9rmica.<\/strong><\/p>\n\n\n\n<p>Ya el <strong>s\u00e1bado 30 de julio<\/strong> se registrar\u00e1 tiempo estable y fr\u00edo al amanecer. <strong>El desplazamiento de aire fr\u00edo y seco sobre nuestra regi\u00f3n propicia bajas temperaturas en las noches y amaneceres de este fin de semana con tardes c\u00e1lidas, adem\u00e1s baja probabilidad de lluvias. Las temperaturas ser\u00e1n m\u00e1ximas en la provincia estimada en 22 \u00b0C para Puerto Iguaz\u00fa, la m\u00ednima ser\u00eda de 5 \u00b0C en Bernardo de Irigoyen con 3 \u00b0C de sensaci\u00f3n t\u00e9rmica.<\/strong><\/p>\n","protected":false},"excerpt":{"rendered":"<p>La Direcci\u00f3n General de Alerta Temprana de la Subsecretar\u00eda de Ordenamiento Territorial del Ministerio de<\/p>\n","protected":false},"author":1,"featured_media":30052,"comment_status":"open","ping_status":"open","sticky":false,"template":"","format":"standard","meta":{"footnotes":""},"categories":[1,229],"tags":[],"class_list":["post-30051","post","type-post","status-publish","format-standard","has-post-thumbnail","hentry","category-actualidad","category-provinciales"],"_links":{"self":[{"href":"https:\/\/actualizateiguazu.com\/v3\/wp-json\/wp\/v2\/posts\/30051","targetHints":{"allow":["GET"]}}],"collection":[{"href":"https:\/\/actualizateiguazu.com\/v3\/wp-json\/wp\/v2\/posts"}],"about":[{"href":"https:\/\/actualizateiguazu.com\/v3\/wp-json\/wp\/v2\/types\/post"}],"author":[{"embeddable":true,"href":"https:\/\/actualizateiguazu.com\/v3\/wp-json\/wp\/v2\/users\/1"}],"replies":[{"embeddable":true,"href":"https:\/\/actualizateiguazu.com\/v3\/wp-json\/wp\/v2\/comments?post=30051"}],"version-history":[{"count":1,"href":"https:\/\/actualizateiguazu.com\/v3\/wp-json\/wp\/v2\/posts\/30051\/revisions"}],"predecessor-version":[{"id":30053,"href":"https:\/\/actualizateiguazu.com\/v3\/wp-json\/wp\/v2\/posts\/30051\/revisions\/30053"}],"wp:featuredmedia":[{"embeddable":true,"href":"https:\/\/actualizateiguazu.com\/v3\/wp-json\/wp\/v2\/media\/30052"}],"wp:attachment":[{"href":"https:\/\/actualizateiguazu.com\/v3\/wp-json\/wp\/v2\/media?parent=30051"}],"wp:term":[{"taxonomy":"category","embeddable":true,"href":"https:\/\/actualizateiguazu.com\/v3\/wp-json\/wp\/v2\/categories?post=30051"},{"taxonomy":"post_tag","embeddable":true,"href":"https:\/\/actualizateiguazu.com\/v3\/wp-json\/wp\/v2\/tags?post=30051"}],"curies":[{"name":"wp","href":"https:\/\/api.w.org\/{rel}","templated":true}]}}