{"id":30064,"date":"2022-07-28T10:06:31","date_gmt":"2022-07-28T13:06:31","guid":{"rendered":"https:\/\/actualizateiguazu.com\/v3\/?p=30064"},"modified":"2022-07-28T10:06:33","modified_gmt":"2022-07-28T13:06:33","slug":"continua-la-campana-de-vacunacion-contra-la-hepatitis-b-y-testeos-rapidos","status":"publish","type":"post","link":"https:\/\/actualizateiguazu.com\/v3\/2022\/07\/28\/continua-la-campana-de-vacunacion-contra-la-hepatitis-b-y-testeos-rapidos\/","title":{"rendered":"Continua la campa\u00f1a de vacunaci\u00f3n contra la Hepatitis B y testeos r\u00e1pidos"},"content":{"rendered":"\n<p>Del 27 al 29 de julio se desarrolla la campa\u00f1a de vacunaci\u00f3n contra la Hepatitis B en toda la provincia de Misiones, en marco del D\u00eda Mundial contra la Hepatitis que se conmemora el 28 de julio. En Iguaz\u00fa, hoy los vacunadores est\u00e1n apostados frente al hospital con un puesto de Vacunaci\u00f3n y Testeos y en la Plaza de los Ni\u00f1os. Adem\u00e1s, llevan adelante un operativo de vacunaci\u00f3n al personal gastron\u00f3mico y personal estrat\u00e9gico<\/p>\n\n\n\n<p>El virus de hepatitis B infecta a m\u00e1s de 500 millones de personas en el mundo, siendo la causa m\u00e1s frecuente de hepatitis cr\u00f3nica, cirrosis y carcinoma hepatocelular por estas complicaciones <strong><em>graves, se<\/em><\/strong> producen muertes. Su transmisi\u00f3n, que se produce por v\u00eda sexual, vertical y parenteral. <strong><em><\/em><\/strong><\/p>\n\n\n\n<p>La vacunaci\u00f3n contra hepatitis B est\u00e1 incorporada al Calendario Nacional de Vacunaci\u00f3n desde el a\u00f1o 2000 para su indicaci\u00f3n para reci\u00e9n nacidos (Resoluci\u00f3n 940\/00) y tambi\u00e9n se vacunan los ni\u00f1os de 11 a\u00f1os que no se hubieran vacunado antes (Resoluci\u00f3n 175\/03).\u00a0<\/p>\n\n\n\n<figure class=\"wp-block-image size-large\"><img loading=\"lazy\" decoding=\"async\" width=\"857\" height=\"1024\" src=\"https:\/\/actualizateiguazu.com\/v3\/wp-content\/uploads\/2022\/07\/WhatsApp-Image-2022-07-28-at-9.37.56-AM-857x1024.jpeg\" alt=\"\" class=\"wp-image-30065\" srcset=\"https:\/\/actualizateiguazu.com\/v3\/wp-content\/uploads\/2022\/07\/WhatsApp-Image-2022-07-28-at-9.37.56-AM-857x1024.jpeg 857w, https:\/\/actualizateiguazu.com\/v3\/wp-content\/uploads\/2022\/07\/WhatsApp-Image-2022-07-28-at-9.37.56-AM-251x300.jpeg 251w, https:\/\/actualizateiguazu.com\/v3\/wp-content\/uploads\/2022\/07\/WhatsApp-Image-2022-07-28-at-9.37.56-AM-768x918.jpeg 768w, https:\/\/actualizateiguazu.com\/v3\/wp-content\/uploads\/2022\/07\/WhatsApp-Image-2022-07-28-at-9.37.56-AM.jpeg 1071w\" sizes=\"auto, (max-width: 857px) 100vw, 857px\" \/><\/figure>\n\n\n\n<p>Desde 2012 es obligatoria para todas las personas de cualquier edad. Quienes no estuvieran vacunados o tienen que completar las dosis faltantes, deber\u00e1n recibir el siguiente esquema:<\/p>\n\n\n\n<ul class=\"wp-block-list\"><li>1era dosis: inicio de la vacunaci\u00f3n.<\/li><li>2da dosis: al mes de la 1er dosis<\/li><li>3era dosis: a los 6 meses de la primera dosis, aplicar la tercera y \u00faltima.<\/li><\/ul>\n\n\n\n<p>En Argentina, se indica la aplicaci\u00f3n de la vacuna para:<\/p>\n\n\n\n<ul class=\"wp-block-list\"><li>Reci\u00e9n nacidos\/as dentro de las 12 horas de vida, y otras dosis junto con las vacunas del Calendario Nacional de Vacunaci\u00f3n a los 2, 4 y 6 meses de vida.<\/li><li>Trabajadores y trabajadoras de la salud.<\/li><li>Personas en tratamiento de hemodi\u00e1lisis.<\/li><li>Personas politransfundidas.<\/li><li>Personas con enfermedad hep\u00e1tica cr\u00f3nica.<\/li><li>Personas con VIH.<\/li><li>Personas privadas de la libertad y personal del servicio penitenciario.<\/li><li>Personas usuarias de drogas endovenosas.<\/li><li>Personas internadas por motivos de salud mental.<\/li><li>Personas que realizan trabajo sexual.<\/li><li>Convivientes y parejas de personas con hepatitis B.<\/li><li>Adolescentes y adultos\/as no vacunados\/as previamente (Inmunizaci\u00f3n universal contra hepatitis B).<\/li><\/ul>\n","protected":false},"excerpt":{"rendered":"<p>Del 27 al 29 de julio se desarrolla la campa\u00f1a de vacunaci\u00f3n contra la Hepatitis<\/p>\n","protected":false},"author":1,"featured_media":30066,"comment_status":"open","ping_status":"open","sticky":false,"template":"","format":"standard","meta":{"footnotes":""},"categories":[1,226,231],"tags":[],"class_list":["post-30064","post","type-post","status-publish","format-standard","has-post-thumbnail","hentry","category-actualidad","category-locales","category-salud"],"_links":{"self":[{"href":"https:\/\/actualizateiguazu.com\/v3\/wp-json\/wp\/v2\/posts\/30064","targetHints":{"allow":["GET"]}}],"collection":[{"href":"https:\/\/actualizateiguazu.com\/v3\/wp-json\/wp\/v2\/posts"}],"about":[{"href":"https:\/\/actualizateiguazu.com\/v3\/wp-json\/wp\/v2\/types\/post"}],"author":[{"embeddable":true,"href":"https:\/\/actualizateiguazu.com\/v3\/wp-json\/wp\/v2\/users\/1"}],"replies":[{"embeddable":true,"href":"https:\/\/actualizateiguazu.com\/v3\/wp-json\/wp\/v2\/comments?post=30064"}],"version-history":[{"count":1,"href":"https:\/\/actualizateiguazu.com\/v3\/wp-json\/wp\/v2\/posts\/30064\/revisions"}],"predecessor-version":[{"id":30067,"href":"https:\/\/actualizateiguazu.com\/v3\/wp-json\/wp\/v2\/posts\/30064\/revisions\/30067"}],"wp:featuredmedia":[{"embeddable":true,"href":"https:\/\/actualizateiguazu.com\/v3\/wp-json\/wp\/v2\/media\/30066"}],"wp:attachment":[{"href":"https:\/\/actualizateiguazu.com\/v3\/wp-json\/wp\/v2\/media?parent=30064"}],"wp:term":[{"taxonomy":"category","embeddable":true,"href":"https:\/\/actualizateiguazu.com\/v3\/wp-json\/wp\/v2\/categories?post=30064"},{"taxonomy":"post_tag","embeddable":true,"href":"https:\/\/actualizateiguazu.com\/v3\/wp-json\/wp\/v2\/tags?post=30064"}],"curies":[{"name":"wp","href":"https:\/\/api.w.org\/{rel}","templated":true}]}}