{"id":30068,"date":"2022-07-28T12:52:39","date_gmt":"2022-07-28T15:52:39","guid":{"rendered":"https:\/\/actualizateiguazu.com\/v3\/?p=30068"},"modified":"2022-07-28T12:52:46","modified_gmt":"2022-07-28T15:52:46","slug":"buscan-incorporar-a-los-sorteos-a-interprete-de-lengua-de-senas","status":"publish","type":"post","link":"https:\/\/actualizateiguazu.com\/v3\/2022\/07\/28\/buscan-incorporar-a-los-sorteos-a-interprete-de-lengua-de-senas\/","title":{"rendered":"Buscan incorporar a los sorteos a int\u00e9rprete de lengua de se\u00f1as"},"content":{"rendered":"\n<p>Con el fin de incluir a una persona int\u00e9rprete en Lengua de Se\u00f1as Argentina en los sorteos diarios de la Quiniela Misionera, el IPLyC SE firm\u00f3 un convenio de cooperaci\u00f3n con la Facultad de Humanidades y Ciencias Sociales de la UNaM. Particip\u00f3 del acto, el presidente del Directorio del Instituto, H\u00e9ctor Rojas Decut; el flamante decano de esa alta casa de estudios, Cristian Garrido, y el subgerente de Sorteos del IPLyC SE, Daniel Silva.<\/p>\n\n\n\n<p>Ambos funcionarios dialogaron sobre varios aspectos inherentes a los acuerdos y a los roles institucionales que competen a cada una de las instituciones. Asimismo, definieron plazos para armar una agenda en com\u00fan que permita concretar las acciones en lo inmediato. La primera acci\u00f3n ser\u00e1 una pasant\u00eda rentada. Por este motivo se firmaron dos convenios, uno marco de cooperaci\u00f3n interinstitucional y otro de pasant\u00edas.<\/p>\n\n\n\n<figure class=\"wp-block-image size-large\"><img loading=\"lazy\" decoding=\"async\" width=\"1024\" height=\"682\" src=\"https:\/\/actualizateiguazu.com\/v3\/wp-content\/uploads\/2022\/07\/convenio-cooperacion-humanidades-jul-2022-1024x682.jpeg\" alt=\"\" class=\"wp-image-30069\" srcset=\"https:\/\/actualizateiguazu.com\/v3\/wp-content\/uploads\/2022\/07\/convenio-cooperacion-humanidades-jul-2022-1024x682.jpeg 1024w, https:\/\/actualizateiguazu.com\/v3\/wp-content\/uploads\/2022\/07\/convenio-cooperacion-humanidades-jul-2022-300x200.jpeg 300w, https:\/\/actualizateiguazu.com\/v3\/wp-content\/uploads\/2022\/07\/convenio-cooperacion-humanidades-jul-2022-768x512.jpeg 768w, https:\/\/actualizateiguazu.com\/v3\/wp-content\/uploads\/2022\/07\/convenio-cooperacion-humanidades-jul-2022.jpeg 1280w\" sizes=\"auto, (max-width: 1024px) 100vw, 1024px\" \/><\/figure>\n\n\n\n<p>Rojas Decut manifest\u00f3 que \u201csiempre tuvimos como objetivo, crear valor social en todas nuestras acciones. Siempre planteamos la inclusi\u00f3n. Queremos incorporar un int\u00e9rprete a nuestros sorteos diarios, y la idea es hacerlo a partir de septiembre\u201d.<\/p>\n\n\n\n<p>Garrido sostuvo que \u201cme parece excelente la propuesta, y la mirada que tienen ustedes respecto de la inclusi\u00f3n. Humanidades es una facultad que se caracteriza por venir trabajando fuertemente en las pol\u00edticas de inclusi\u00f3n. La carrera de lengua de se\u00f1as, de tres a\u00f1os de duraci\u00f3n, sigue esa l\u00ednea. La primera cohorte de int\u00e9rpretes de lengua de se\u00f1as argentina finaliz\u00f3 el a\u00f1o pasado y los primeros egresaron en plena pandemia\u201d. De esta pasant\u00eda formar\u00e1n parte estudiantes del \u00faltimo a\u00f1o. \u201cEs una experiencia importante y, m\u00e1s all\u00e1 del est\u00edmulo que genera para el estudiante, muchas veces es el primer paso para un trabajo formal\u201d, remarc\u00f3.<\/p>\n","protected":false},"excerpt":{"rendered":"<p>Con el fin de incluir a una persona int\u00e9rprete en Lengua de Se\u00f1as Argentina en<\/p>\n","protected":false},"author":1,"featured_media":30070,"comment_status":"open","ping_status":"open","sticky":false,"template":"","format":"standard","meta":{"footnotes":""},"categories":[1,229],"tags":[],"class_list":["post-30068","post","type-post","status-publish","format-standard","has-post-thumbnail","hentry","category-actualidad","category-provinciales"],"_links":{"self":[{"href":"https:\/\/actualizateiguazu.com\/v3\/wp-json\/wp\/v2\/posts\/30068","targetHints":{"allow":["GET"]}}],"collection":[{"href":"https:\/\/actualizateiguazu.com\/v3\/wp-json\/wp\/v2\/posts"}],"about":[{"href":"https:\/\/actualizateiguazu.com\/v3\/wp-json\/wp\/v2\/types\/post"}],"author":[{"embeddable":true,"href":"https:\/\/actualizateiguazu.com\/v3\/wp-json\/wp\/v2\/users\/1"}],"replies":[{"embeddable":true,"href":"https:\/\/actualizateiguazu.com\/v3\/wp-json\/wp\/v2\/comments?post=30068"}],"version-history":[{"count":1,"href":"https:\/\/actualizateiguazu.com\/v3\/wp-json\/wp\/v2\/posts\/30068\/revisions"}],"predecessor-version":[{"id":30071,"href":"https:\/\/actualizateiguazu.com\/v3\/wp-json\/wp\/v2\/posts\/30068\/revisions\/30071"}],"wp:featuredmedia":[{"embeddable":true,"href":"https:\/\/actualizateiguazu.com\/v3\/wp-json\/wp\/v2\/media\/30070"}],"wp:attachment":[{"href":"https:\/\/actualizateiguazu.com\/v3\/wp-json\/wp\/v2\/media?parent=30068"}],"wp:term":[{"taxonomy":"category","embeddable":true,"href":"https:\/\/actualizateiguazu.com\/v3\/wp-json\/wp\/v2\/categories?post=30068"},{"taxonomy":"post_tag","embeddable":true,"href":"https:\/\/actualizateiguazu.com\/v3\/wp-json\/wp\/v2\/tags?post=30068"}],"curies":[{"name":"wp","href":"https:\/\/api.w.org\/{rel}","templated":true}]}}