{"id":30079,"date":"2022-07-28T18:30:15","date_gmt":"2022-07-28T21:30:15","guid":{"rendered":"https:\/\/actualizateiguazu.com\/v3\/?p=30079"},"modified":"2022-07-28T18:30:19","modified_gmt":"2022-07-28T21:30:19","slug":"unifican-varios-ministerios-bajo-economia-y-designan-a-sergio-massa-como-el-titular","status":"publish","type":"post","link":"https:\/\/actualizateiguazu.com\/v3\/2022\/07\/28\/unifican-varios-ministerios-bajo-economia-y-designan-a-sergio-massa-como-el-titular\/","title":{"rendered":"Unifican varios ministerios bajo Econom\u00eda y designan a Sergio Massa como el titular"},"content":{"rendered":"\n<p>Con un escueto comunicado de prensa se anunci\u00f3, oficialmente, que el presidente Alberto Fern\u00e1ndez decidi\u00f3 unificar varios ministerios bajo una mega cartera econ\u00f3mica, que estar\u00e1 a cargo de quien hasta hoy era el presidente de la C\u00e1mara de Diputados de la Naci\u00f3n, Sergio Massa.<\/p>\n\n\n\n<figure class=\"wp-block-image size-full\"><img loading=\"lazy\" decoding=\"async\" width=\"723\" height=\"388\" src=\"https:\/\/actualizateiguazu.com\/v3\/wp-content\/uploads\/2022\/07\/WhatsApp-Image-2022-07-28-at-6.26.14-PM.jpeg\" alt=\"\" class=\"wp-image-30081\" srcset=\"https:\/\/actualizateiguazu.com\/v3\/wp-content\/uploads\/2022\/07\/WhatsApp-Image-2022-07-28-at-6.26.14-PM.jpeg 723w, https:\/\/actualizateiguazu.com\/v3\/wp-content\/uploads\/2022\/07\/WhatsApp-Image-2022-07-28-at-6.26.14-PM-300x161.jpeg 300w\" sizes=\"auto, (max-width: 723px) 100vw, 723px\" \/><\/figure>\n\n\n\n<p>\u00abEl presidente Alberto Fern\u00e1ndez decidi\u00f3 reorganizar las \u00e1reas econ\u00f3micas de su gabinete para un mejor funcionamiento, coordinaci\u00f3n y gesti\u00f3n. En ese sentido, se unificar\u00e1n los ministerios de Econom\u00eda, Desarrollo Productivo y Agricultura, Ganader\u00eda y Pesca, incluyendo adem\u00e1s las relaciones con los organismos internacionales, bilaterales y multilaterales de cr\u00e9dito. El nuevo ministerio estar\u00e1 a cargo de Sergio Massa, actual presidente de la C\u00e1mara de Diputados, a partir de que se resuelva su alejamiento de su banca\u00bb, reza el comunicado de Presidencia.<\/p>\n\n\n\n<p>Fuente: El Territorio<\/p>\n","protected":false},"excerpt":{"rendered":"<p>Con un escueto comunicado de prensa se anunci\u00f3, oficialmente, que el presidente Alberto Fern\u00e1ndez decidi\u00f3<\/p>\n","protected":false},"author":1,"featured_media":30080,"comment_status":"open","ping_status":"open","sticky":false,"template":"","format":"standard","meta":{"footnotes":""},"categories":[1,227],"tags":[],"class_list":["post-30079","post","type-post","status-publish","format-standard","has-post-thumbnail","hentry","category-actualidad","category-nacionales"],"_links":{"self":[{"href":"https:\/\/actualizateiguazu.com\/v3\/wp-json\/wp\/v2\/posts\/30079","targetHints":{"allow":["GET"]}}],"collection":[{"href":"https:\/\/actualizateiguazu.com\/v3\/wp-json\/wp\/v2\/posts"}],"about":[{"href":"https:\/\/actualizateiguazu.com\/v3\/wp-json\/wp\/v2\/types\/post"}],"author":[{"embeddable":true,"href":"https:\/\/actualizateiguazu.com\/v3\/wp-json\/wp\/v2\/users\/1"}],"replies":[{"embeddable":true,"href":"https:\/\/actualizateiguazu.com\/v3\/wp-json\/wp\/v2\/comments?post=30079"}],"version-history":[{"count":1,"href":"https:\/\/actualizateiguazu.com\/v3\/wp-json\/wp\/v2\/posts\/30079\/revisions"}],"predecessor-version":[{"id":30082,"href":"https:\/\/actualizateiguazu.com\/v3\/wp-json\/wp\/v2\/posts\/30079\/revisions\/30082"}],"wp:featuredmedia":[{"embeddable":true,"href":"https:\/\/actualizateiguazu.com\/v3\/wp-json\/wp\/v2\/media\/30080"}],"wp:attachment":[{"href":"https:\/\/actualizateiguazu.com\/v3\/wp-json\/wp\/v2\/media?parent=30079"}],"wp:term":[{"taxonomy":"category","embeddable":true,"href":"https:\/\/actualizateiguazu.com\/v3\/wp-json\/wp\/v2\/categories?post=30079"},{"taxonomy":"post_tag","embeddable":true,"href":"https:\/\/actualizateiguazu.com\/v3\/wp-json\/wp\/v2\/tags?post=30079"}],"curies":[{"name":"wp","href":"https:\/\/api.w.org\/{rel}","templated":true}]}}