{"id":30108,"date":"2022-07-29T12:39:29","date_gmt":"2022-07-29T15:39:29","guid":{"rendered":"https:\/\/actualizateiguazu.com\/v3\/?p=30108"},"modified":"2022-07-29T12:39:32","modified_gmt":"2022-07-29T15:39:32","slug":"la-atm-de-refrigeracion-estara-inscribiendo-estudiantes-en-puerto-libertad","status":"publish","type":"post","link":"https:\/\/actualizateiguazu.com\/v3\/2022\/07\/29\/la-atm-de-refrigeracion-estara-inscribiendo-estudiantes-en-puerto-libertad\/","title":{"rendered":"La ATM de Refrigeraci\u00f3n estar\u00e1 inscribiendo estudiantes en Puerto Libertad"},"content":{"rendered":"\n<p>Con la misi\u00f3n de ampliar la oferta formativa t\u00e9cnica disponible en distintos puntos de la provincia y as\u00ed generar recurso humano calificado y con salida laboral, las Aulas Talleres M\u00f3viles (ATM) contin\u00faan formando misioneros en distintos oficios y competencias. Durante la semana del primero al cinco de agosto, cuatro ATM estar\u00e1n con inscripciones abiertas (hasta que termine el plazo o hasta agotar cupo). Una de ellas ser\u00e1 en Puerto Libertad.<\/p>\n\n\n\n<p>* La ATM de Instalaciones Domiciliarias estar\u00e1 inscribiendo estudiantes en Alba Posse.<\/p>\n\n\n\n<p>* La ATM de Refrigeraci\u00f3n estar\u00e1 inscribiendo estudiantes en Puerto Libertad.<\/p>\n\n\n\n<p>* La ATM de Apicultura estar\u00e1 inscribiendo estudiantes en Jard\u00edn Am\u00e9rica.<\/p>\n\n\n\n<p>* La ATM de Piscicultura estar\u00e1 inscribiendo estudiantes en Gobernador Roca.<\/p>\n\n\n\n<p>** Es importante destacar que los cupos para las ATM de Gastronom\u00eda (ubicadas en Eldorado y San Vicente) ya se han agotado, por ende ya est\u00e1n cerradas las inscripciones.<\/p>\n\n\n\n<p>Las Aulas Talleres M\u00f3viles son reguladas por el Instituto Nacional de Educaci\u00f3n Tecnol\u00f3gica (INET), y localmente coordinadas por la Subsecretar\u00eda de Educaci\u00f3n T\u00e9cnico Profesional, la cual es llevada adelante por el subsecretario Gilson Berger. Buscan incentivar, promover y asegurar el acceso a la formaci\u00f3n profesional y a la capacitaci\u00f3n laboral en todo el pa\u00eds.<\/p>\n\n\n\n<p>Son estructuras transportables que se sit\u00faan por el per\u00edodo de dos a cuatro meses en cada localidad y actualmente se encuentran disponibles en la provincia las especializaciones en educaci\u00f3n agropecuaria, gastronom\u00eda, instalaciones domiciliarias, refrigeraci\u00f3n y climatizaci\u00f3n; reparaci\u00f3n de autos y motos; biotecnolog\u00eda y energ\u00edas renovables; apicultura y piscicultura.<\/p>\n","protected":false},"excerpt":{"rendered":"<p>Con la misi\u00f3n de ampliar la oferta formativa t\u00e9cnica disponible en distintos puntos de la<\/p>\n","protected":false},"author":1,"featured_media":30109,"comment_status":"open","ping_status":"open","sticky":false,"template":"","format":"standard","meta":{"footnotes":""},"categories":[1,226],"tags":[],"class_list":["post-30108","post","type-post","status-publish","format-standard","has-post-thumbnail","hentry","category-actualidad","category-locales"],"_links":{"self":[{"href":"https:\/\/actualizateiguazu.com\/v3\/wp-json\/wp\/v2\/posts\/30108","targetHints":{"allow":["GET"]}}],"collection":[{"href":"https:\/\/actualizateiguazu.com\/v3\/wp-json\/wp\/v2\/posts"}],"about":[{"href":"https:\/\/actualizateiguazu.com\/v3\/wp-json\/wp\/v2\/types\/post"}],"author":[{"embeddable":true,"href":"https:\/\/actualizateiguazu.com\/v3\/wp-json\/wp\/v2\/users\/1"}],"replies":[{"embeddable":true,"href":"https:\/\/actualizateiguazu.com\/v3\/wp-json\/wp\/v2\/comments?post=30108"}],"version-history":[{"count":1,"href":"https:\/\/actualizateiguazu.com\/v3\/wp-json\/wp\/v2\/posts\/30108\/revisions"}],"predecessor-version":[{"id":30110,"href":"https:\/\/actualizateiguazu.com\/v3\/wp-json\/wp\/v2\/posts\/30108\/revisions\/30110"}],"wp:featuredmedia":[{"embeddable":true,"href":"https:\/\/actualizateiguazu.com\/v3\/wp-json\/wp\/v2\/media\/30109"}],"wp:attachment":[{"href":"https:\/\/actualizateiguazu.com\/v3\/wp-json\/wp\/v2\/media?parent=30108"}],"wp:term":[{"taxonomy":"category","embeddable":true,"href":"https:\/\/actualizateiguazu.com\/v3\/wp-json\/wp\/v2\/categories?post=30108"},{"taxonomy":"post_tag","embeddable":true,"href":"https:\/\/actualizateiguazu.com\/v3\/wp-json\/wp\/v2\/tags?post=30108"}],"curies":[{"name":"wp","href":"https:\/\/api.w.org\/{rel}","templated":true}]}}