{"id":30130,"date":"2022-07-31T08:01:01","date_gmt":"2022-07-31T11:01:01","guid":{"rendered":"https:\/\/actualizateiguazu.com\/v3\/?p=30130"},"modified":"2022-07-31T08:01:03","modified_gmt":"2022-07-31T11:01:03","slug":"dia-de-la-pachamama-historia-y-culto-a-la-madre-tierra-en-tucuman","status":"publish","type":"post","link":"https:\/\/actualizateiguazu.com\/v3\/2022\/07\/31\/dia-de-la-pachamama-historia-y-culto-a-la-madre-tierra-en-tucuman\/","title":{"rendered":"D\u00eda de la Pachamama: historia y culto a la madre tierra en Tucum\u00e1n"},"content":{"rendered":"\n<p>La provincia de Tucum\u00e1n es muy rica en historia,<strong> que no se remonta solamente a la independencia, sino a la historia de aquellos pueblos originarios que ocuparon las tierras y son due\u00f1os de ellas antes de la llegada de los colonizadores<\/strong>. Estos pueblos originarios mantienen vivas sus tradiciones, entre ellas el culto de agradecimiento a la Pachamana, la madre tierra que se celebra todos los 1 de agosto, <strong>desde la comunidad Amaicha del Valle aseguran que \u201cA la madre tierra hay que darle todo lo que nos dio y as\u00ed ponerse en protecci\u00f3n. Con esta ceremonia inicia el ciclo agr\u00edcola\u00bb<\/strong>.<\/p>\n\n\n\n<figure class=\"wp-block-image size-large\"><img loading=\"lazy\" decoding=\"async\" width=\"1024\" height=\"768\" src=\"https:\/\/actualizateiguazu.com\/v3\/wp-content\/uploads\/2022\/07\/IMG_20220603_152621836_HDR-1024x768.jpg\" alt=\"\" class=\"wp-image-30140\" srcset=\"https:\/\/actualizateiguazu.com\/v3\/wp-content\/uploads\/2022\/07\/IMG_20220603_152621836_HDR-1024x768.jpg 1024w, https:\/\/actualizateiguazu.com\/v3\/wp-content\/uploads\/2022\/07\/IMG_20220603_152621836_HDR-300x225.jpg 300w, https:\/\/actualizateiguazu.com\/v3\/wp-content\/uploads\/2022\/07\/IMG_20220603_152621836_HDR-768x576.jpg 768w, https:\/\/actualizateiguazu.com\/v3\/wp-content\/uploads\/2022\/07\/IMG_20220603_152621836_HDR-1536x1152.jpg 1536w, https:\/\/actualizateiguazu.com\/v3\/wp-content\/uploads\/2022\/07\/IMG_20220603_152621836_HDR-2048x1536.jpg 2048w, https:\/\/actualizateiguazu.com\/v3\/wp-content\/uploads\/2022\/07\/IMG_20220603_152621836_HDR-720x540.jpg 720w\" sizes=\"auto, (max-width: 1024px) 100vw, 1024px\" \/><\/figure>\n\n\n\n<p>Los Amaichas durante <strong>la celebraci\u00f3n de la Pachamama agradecen a la Madre Tierra piden por las pr\u00f3ximas cosechas<\/strong>. La ceremonia que muchos saben, <strong>implica un acto de reciprocidad.<\/strong> Aunque se ha popularizado el primer d\u00eda de agosto como d\u00eda principal para su realizaci\u00f3n, de hecho, se lo practica durante todo el mes, y en muchos lugares tambi\u00e9n el primer viernes de cada mes. <strong>Las ceremonias est\u00e1n a cargo de personas ancianas o de mayor autoridad moral dentro de cada comunidad.<\/strong><\/p>\n\n\n\n<p>Para mostrar la tradici\u00f3n de agradecer en todo tiempo a la Pachamama, <strong>los turistas que visitan la zona del Valle de los Amaichas pueden participar del ritual y toman contacto con la cultura al visitar las Ruinas de Quilmes, que est\u00e1n ubicadas en los valles Calchaqu\u00edes,<\/strong> provincia de Tucum\u00e1n en Argentina. Que consisten en los restos del mayor asentamiento precolombino en nuestro pa\u00eds. Ocupan aproximadamente treinta hect\u00e1reas y est\u00e1n ubicadas al pie del cerro Alto del Rey. El lugar fue primero propiedad del pueblo ind\u00edgena, posteriormente del estado provincial, m\u00e1s tarde de un concesionario privado y finalmente, de los descendientes del pueblo Quilmes. Estas ruinas han sido reconstruidas, por lo que en la actualidad pueden ser visitadas por los turistas.<\/p>\n\n\n\n<figure class=\"wp-block-image size-large\"><img loading=\"lazy\" decoding=\"async\" width=\"1024\" height=\"768\" src=\"https:\/\/actualizateiguazu.com\/v3\/wp-content\/uploads\/2022\/07\/IMG_20220603_153136387_HDR-1024x768.jpg\" alt=\"\" class=\"wp-image-30139\" srcset=\"https:\/\/actualizateiguazu.com\/v3\/wp-content\/uploads\/2022\/07\/IMG_20220603_153136387_HDR-1024x768.jpg 1024w, https:\/\/actualizateiguazu.com\/v3\/wp-content\/uploads\/2022\/07\/IMG_20220603_153136387_HDR-300x225.jpg 300w, https:\/\/actualizateiguazu.com\/v3\/wp-content\/uploads\/2022\/07\/IMG_20220603_153136387_HDR-768x576.jpg 768w, https:\/\/actualizateiguazu.com\/v3\/wp-content\/uploads\/2022\/07\/IMG_20220603_153136387_HDR-1536x1152.jpg 1536w, https:\/\/actualizateiguazu.com\/v3\/wp-content\/uploads\/2022\/07\/IMG_20220603_153136387_HDR-2048x1536.jpg 2048w, https:\/\/actualizateiguazu.com\/v3\/wp-content\/uploads\/2022\/07\/IMG_20220603_153136387_HDR-720x540.jpg 720w\" sizes=\"auto, (max-width: 1024px) 100vw, 1024px\" \/><\/figure>\n\n\n\n<p>Al llegar al lugar los gu\u00edas, que pertenecen a la comunidad originaria, <strong>proceden a explicar que es la Pachamama y porque es tan importante devolver a la madre tierra lo que da todos los d\u00edas, el ritual m\u00e1s importante es la challaco<\/strong>. Challaco es una deformaci\u00f3n de los vocablos quechuas ch&#8217;allay y ch&#8217;allakuy, que se refieren a la acci\u00f3n de \u201cdar de comer y beber a la tierra\u201d. con una serie de ofrendas que incluyen comida, bebida, hojas de coca y cigarros.<\/p>\n\n\n\n<p>Los ind\u00edgenas conocidos como Quilmes, fueron los primeros habitantes de este lugar, tuvieron una alt\u00edsima densidad de poblaci\u00f3n, lo que les permiti\u00f3 una mejor distribuci\u00f3n de las tareas y una mayor explotaci\u00f3n del ecosistema. En los valles Calchaqu\u00edes en su totalidad se formaron ciudades con tan alto \u00edndice de densidad que actualmente los especialistas las consideran las primeras ciudades prehisp\u00e1nicas de la Argentina. <strong>Hoy tras recuperar las tierras, y una porci\u00f3n de las ruinas, cuentan su cultura a los visitantes.<\/strong><\/p>\n\n\n\n<figure class=\"wp-block-image size-large\"><img loading=\"lazy\" decoding=\"async\" width=\"1024\" height=\"768\" src=\"https:\/\/actualizateiguazu.com\/v3\/wp-content\/uploads\/2022\/07\/IMG_20220603_162208016_HDR-1024x768.jpg\" alt=\"\" class=\"wp-image-30142\" srcset=\"https:\/\/actualizateiguazu.com\/v3\/wp-content\/uploads\/2022\/07\/IMG_20220603_162208016_HDR-1024x768.jpg 1024w, https:\/\/actualizateiguazu.com\/v3\/wp-content\/uploads\/2022\/07\/IMG_20220603_162208016_HDR-300x225.jpg 300w, https:\/\/actualizateiguazu.com\/v3\/wp-content\/uploads\/2022\/07\/IMG_20220603_162208016_HDR-768x576.jpg 768w, https:\/\/actualizateiguazu.com\/v3\/wp-content\/uploads\/2022\/07\/IMG_20220603_162208016_HDR-1536x1152.jpg 1536w, https:\/\/actualizateiguazu.com\/v3\/wp-content\/uploads\/2022\/07\/IMG_20220603_162208016_HDR-2048x1536.jpg 2048w, https:\/\/actualizateiguazu.com\/v3\/wp-content\/uploads\/2022\/07\/IMG_20220603_162208016_HDR-720x540.jpg 720w\" sizes=\"auto, (max-width: 1024px) 100vw, 1024px\" \/><\/figure>\n\n\n\n<p>Ruinas de Quilmes es un lugar ideal para el turismo \u00e9tnico e hist\u00f3rico: <strong>El sitio arqueol\u00f3gico situado a la vera de la Ruta 40 combina una gran variedad de factores. Por un lado, la her\u00f3ica resistencia de los pueblos nativos ante el avance de los codiciosos y despiadados conquistadores espa\u00f1oles. Por otra, su terrible exilio en Buenos Aires, donde la ciudad de Quilmes y la reconocida cerveza, deben su nombre a estos corajudos nativos.<\/strong><\/p>\n\n\n\n<p>Lo que el visitante ve hoy en d\u00eda en la ciudad de los Quilmes, son los cimientos de las construcciones. Estos tienen forma rectangular o circular y forman un complejo habitacional y defensivo. Las casas con vigas de card\u00f3n y techo de paja ten\u00edan gruesas paredes de piedra. El sitio contaba con dos fortalezas defensivas edificadas para protecci\u00f3n contra los ataques de tribus enemigas vecinas y, los espa\u00f1oles. Se pueden divisar desde el cerro estos andenes de hasta 75 m de largo, as\u00ed como los corrales para las domesticadas llamas.<\/p>\n\n\n\n<figure class=\"wp-block-image size-large\"><img loading=\"lazy\" decoding=\"async\" width=\"1024\" height=\"768\" src=\"https:\/\/actualizateiguazu.com\/v3\/wp-content\/uploads\/2022\/07\/IMG_20220603_163515745_HDR-1024x768.jpg\" alt=\"\" class=\"wp-image-30141\" srcset=\"https:\/\/actualizateiguazu.com\/v3\/wp-content\/uploads\/2022\/07\/IMG_20220603_163515745_HDR-1024x768.jpg 1024w, https:\/\/actualizateiguazu.com\/v3\/wp-content\/uploads\/2022\/07\/IMG_20220603_163515745_HDR-300x225.jpg 300w, https:\/\/actualizateiguazu.com\/v3\/wp-content\/uploads\/2022\/07\/IMG_20220603_163515745_HDR-768x576.jpg 768w, https:\/\/actualizateiguazu.com\/v3\/wp-content\/uploads\/2022\/07\/IMG_20220603_163515745_HDR-1536x1152.jpg 1536w, https:\/\/actualizateiguazu.com\/v3\/wp-content\/uploads\/2022\/07\/IMG_20220603_163515745_HDR-2048x1536.jpg 2048w, https:\/\/actualizateiguazu.com\/v3\/wp-content\/uploads\/2022\/07\/IMG_20220603_163515745_HDR-720x540.jpg 720w\" sizes=\"auto, (max-width: 1024px) 100vw, 1024px\" \/><\/figure>\n\n\n\n<p><strong>Museo Pachamama, un atractivo tur\u00edstico \u00fanico en Amaicha del Valle<\/strong><\/p>\n\n\n\n<p><strong>El Museo Pachamama, tambi\u00e9n conocida como \u201cLa Casa de Piedra\u201d<\/strong> est\u00e1 ubicado en la localidad tucumana de Amaicha del Valle, en \u00e9l se exponen rasgos caracter\u00edsticos de los Valles Calchaqu\u00edes. El museo fue dise\u00f1ado por el pintor, escultor y artesano autodidacta H\u00e9ctor Cruz.\u200b Del proyecto, no participaron arquitectos y llev\u00f3 seis a\u00f1os hacerse realidad. Este es parte de un proyecto de museos del mundo andino.\u200b<\/p>\n\n\n\n<p>El museo est\u00e1 dividido en 4 salas de exposici\u00f3n, divididas en cuatro categor\u00edas: geolog\u00eda, etnolog\u00eda, tapices y pinturas, y un patio donde se puede observar un sinf\u00edn de esculturas.<\/p>\n\n\n\n<figure class=\"wp-block-image size-large\"><img loading=\"lazy\" decoding=\"async\" width=\"1024\" height=\"768\" src=\"https:\/\/actualizateiguazu.com\/v3\/wp-content\/uploads\/2022\/07\/IMG_20220603_173722782_HDR-1024x768.jpg\" alt=\"\" class=\"wp-image-30136\" srcset=\"https:\/\/actualizateiguazu.com\/v3\/wp-content\/uploads\/2022\/07\/IMG_20220603_173722782_HDR-1024x768.jpg 1024w, https:\/\/actualizateiguazu.com\/v3\/wp-content\/uploads\/2022\/07\/IMG_20220603_173722782_HDR-300x225.jpg 300w, https:\/\/actualizateiguazu.com\/v3\/wp-content\/uploads\/2022\/07\/IMG_20220603_173722782_HDR-768x576.jpg 768w, https:\/\/actualizateiguazu.com\/v3\/wp-content\/uploads\/2022\/07\/IMG_20220603_173722782_HDR-1536x1152.jpg 1536w, https:\/\/actualizateiguazu.com\/v3\/wp-content\/uploads\/2022\/07\/IMG_20220603_173722782_HDR-2048x1536.jpg 2048w, https:\/\/actualizateiguazu.com\/v3\/wp-content\/uploads\/2022\/07\/IMG_20220603_173722782_HDR-720x540.jpg 720w\" sizes=\"auto, (max-width: 1024px) 100vw, 1024px\" \/><\/figure>\n\n\n\n<p>En la sala de geolog\u00eda se exhiben todos los minerales que se pueden encontrar en el suelo de la regi\u00f3n, m\u00e1s una maqueta a escala de los Valles Calchaqu\u00edes. En la secci\u00f3n de etnolog\u00eda se pueden encontrar trabajos y esculturas de las diferentes culturas precolombinas de la regi\u00f3n. Tambi\u00e9n se pueden observar maquetas de las viviendas ind\u00edgenas, vasijas y utensilios de la cultura Taf\u00ed \u2013entre 600 al 200 a. C.\u2013; herramientas de trabajo, vestimentas e instrumentos de m\u00fasica, presumiblemente usados como medio de comunicaci\u00f3n a distancia.<\/p>\n\n\n\n<p>Las dos salas restantes muestran el arte de H\u00e9ctor Cruz, en una de ellas muestra una colecci\u00f3n de pinturas en diferentes estilos, y los otros tapices realizados con lana de los animales de la zona.<\/p>\n\n\n\n<figure class=\"wp-block-image size-large\"><img loading=\"lazy\" decoding=\"async\" width=\"1024\" height=\"768\" src=\"https:\/\/actualizateiguazu.com\/v3\/wp-content\/uploads\/2022\/07\/IMG_20220603_175120660-1024x768.jpg\" alt=\"\" class=\"wp-image-30134\" srcset=\"https:\/\/actualizateiguazu.com\/v3\/wp-content\/uploads\/2022\/07\/IMG_20220603_175120660-1024x768.jpg 1024w, https:\/\/actualizateiguazu.com\/v3\/wp-content\/uploads\/2022\/07\/IMG_20220603_175120660-300x225.jpg 300w, https:\/\/actualizateiguazu.com\/v3\/wp-content\/uploads\/2022\/07\/IMG_20220603_175120660-768x576.jpg 768w, https:\/\/actualizateiguazu.com\/v3\/wp-content\/uploads\/2022\/07\/IMG_20220603_175120660-1536x1152.jpg 1536w, https:\/\/actualizateiguazu.com\/v3\/wp-content\/uploads\/2022\/07\/IMG_20220603_175120660-2048x1536.jpg 2048w, https:\/\/actualizateiguazu.com\/v3\/wp-content\/uploads\/2022\/07\/IMG_20220603_175120660-720x540.jpg 720w\" sizes=\"auto, (max-width: 1024px) 100vw, 1024px\" \/><\/figure>\n\n\n\n<p>El patio deja totalmente anonadados a los visitantes, es similar a una fortaleza de piedra donde se pueden encontrar esculturas de la Pachamama, el Inti que es el dios Sol, Quilla, la diosa Luna, la v\u00edbora bic\u00e9fala de la cultura awada, el guerrero de la luna y la mesa de los 12 caciques entremezclados con cardones y cactus, t\u00edpicos de la zona, todo realizadas con rocas de la regi\u00f3n.<\/p>\n\n\n\n<p><strong>El Museo Pachamama fue creado en el a\u00f1o 1996 sobre la Ruta Provincia 307 en el acceso a Amaicha del Valle. Tiene una dimensi\u00f3n de 10.000 m2 de superficie est\u00e1n distribuidos meticulosamente los salones de Geolog\u00eda, Antropolog\u00eda y Ciencias Naturales.<\/strong><\/p>\n\n\n\n<figure class=\"wp-block-image size-large\"><img loading=\"lazy\" decoding=\"async\" width=\"1024\" height=\"768\" src=\"https:\/\/actualizateiguazu.com\/v3\/wp-content\/uploads\/2022\/07\/IMG_20220603_175055841-1024x768.jpg\" alt=\"\" class=\"wp-image-30135\" srcset=\"https:\/\/actualizateiguazu.com\/v3\/wp-content\/uploads\/2022\/07\/IMG_20220603_175055841-1024x768.jpg 1024w, https:\/\/actualizateiguazu.com\/v3\/wp-content\/uploads\/2022\/07\/IMG_20220603_175055841-300x225.jpg 300w, https:\/\/actualizateiguazu.com\/v3\/wp-content\/uploads\/2022\/07\/IMG_20220603_175055841-768x576.jpg 768w, https:\/\/actualizateiguazu.com\/v3\/wp-content\/uploads\/2022\/07\/IMG_20220603_175055841-1536x1152.jpg 1536w, https:\/\/actualizateiguazu.com\/v3\/wp-content\/uploads\/2022\/07\/IMG_20220603_175055841-2048x1536.jpg 2048w, https:\/\/actualizateiguazu.com\/v3\/wp-content\/uploads\/2022\/07\/IMG_20220603_175055841-720x540.jpg 720w\" sizes=\"auto, (max-width: 1024px) 100vw, 1024px\" \/><\/figure>\n\n\n\n<p>Este museo est\u00e1 abierto al p\u00fablico en Temporada alta: de 8:30 a 19:00 hs. (verano, invierno y semana santa). Y Temporada baja: de 8:30 a 12:30 y de 14:00 a 18:30 hs.<\/p>\n\n\n\n<p><strong>Los Amaichas y la ruta del vino Tucumano<\/strong><\/p>\n\n\n\n<figure class=\"wp-block-image size-large\"><img loading=\"lazy\" decoding=\"async\" width=\"1024\" height=\"768\" src=\"https:\/\/actualizateiguazu.com\/v3\/wp-content\/uploads\/2022\/07\/IMG_20220603_110020784-1024x768.jpg\" alt=\"\" class=\"wp-image-30132\" srcset=\"https:\/\/actualizateiguazu.com\/v3\/wp-content\/uploads\/2022\/07\/IMG_20220603_110020784-1024x768.jpg 1024w, https:\/\/actualizateiguazu.com\/v3\/wp-content\/uploads\/2022\/07\/IMG_20220603_110020784-300x225.jpg 300w, https:\/\/actualizateiguazu.com\/v3\/wp-content\/uploads\/2022\/07\/IMG_20220603_110020784-768x576.jpg 768w, https:\/\/actualizateiguazu.com\/v3\/wp-content\/uploads\/2022\/07\/IMG_20220603_110020784-1536x1152.jpg 1536w, https:\/\/actualizateiguazu.com\/v3\/wp-content\/uploads\/2022\/07\/IMG_20220603_110020784-2048x1536.jpg 2048w, https:\/\/actualizateiguazu.com\/v3\/wp-content\/uploads\/2022\/07\/IMG_20220603_110020784-720x540.jpg 720w\" sizes=\"auto, (max-width: 1024px) 100vw, 1024px\" \/><\/figure>\n\n\n\n<p>La comunidad Amaicha del Valle no solamente es reconocida por venerar a la Pachamama, sino que es famosa es a nivel mundial porque cuenta con una de las tres bodegas comunitarias del mundo. La misma est\u00e1 ubicada a unos 160 kil\u00f3metros de la capital tucumana, a unos 2300 metros sobre el nivel del mar. No solo es una bodega novedosa por estar en una zona que no es vitivin\u00edcola, sino porque adem\u00e1s tiene un concepto comunitario a partir de su origen vinculado a unas 60 familias descendientes de pueblos originarios de la zona.<\/p>\n\n\n\n<p>La construcci\u00f3n y puesta en marcha de la bodega demand\u00f3 unos cinco a\u00f1os desde su proyecto inicial en 2011. <strong>Es totalmente circular donde dentro de cada c\u00edrculo se realizan actividades espec\u00edficas. La producci\u00f3n anual totaliza 50.000 litros, repartidos en vi\u00f1edos de propiedad comunitaria que producen mayoritariamente las variedades Malbec (80%) y Criolla (20%)<\/strong><\/p>\n\n\n\n<figure class=\"wp-block-image size-large\"><img loading=\"lazy\" decoding=\"async\" width=\"1024\" height=\"768\" src=\"https:\/\/actualizateiguazu.com\/v3\/wp-content\/uploads\/2022\/07\/IMG_20220603_102839203-1024x768.jpg\" alt=\"\" class=\"wp-image-30131\" srcset=\"https:\/\/actualizateiguazu.com\/v3\/wp-content\/uploads\/2022\/07\/IMG_20220603_102839203-1024x768.jpg 1024w, https:\/\/actualizateiguazu.com\/v3\/wp-content\/uploads\/2022\/07\/IMG_20220603_102839203-300x225.jpg 300w, https:\/\/actualizateiguazu.com\/v3\/wp-content\/uploads\/2022\/07\/IMG_20220603_102839203-768x576.jpg 768w, https:\/\/actualizateiguazu.com\/v3\/wp-content\/uploads\/2022\/07\/IMG_20220603_102839203-1536x1152.jpg 1536w, https:\/\/actualizateiguazu.com\/v3\/wp-content\/uploads\/2022\/07\/IMG_20220603_102839203-2048x1536.jpg 2048w, https:\/\/actualizateiguazu.com\/v3\/wp-content\/uploads\/2022\/07\/IMG_20220603_102839203-720x540.jpg 720w\" sizes=\"auto, (max-width: 1024px) 100vw, 1024px\" \/><\/figure>\n\n\n\n<p>Su principal etiqueta e<strong>s Sumak Kawsay, que significa \u00abBuen Vivir\u00bb<\/strong> en lengua quechua, son vinos de altura de media gama y marcada identidad y tambi\u00e9n tiene la particularidad que su precio de venta al p\u00fablico es consensuado en una asamblea que establece un valor tal que permita a las familias productoras continuar reinvirtiendo y haciendo crecer el emprendimiento colectivo. <strong>Bodega Los Amaichas da trabajo a 60 familias ind\u00edgenas de Amaicha del Valle.<\/strong><\/p>\n","protected":false},"excerpt":{"rendered":"<p>La provincia de Tucum\u00e1n es muy rica en historia, que no se remonta solamente a<\/p>\n","protected":false},"author":1,"featured_media":30138,"comment_status":"open","ping_status":"open","sticky":false,"template":"","format":"standard","meta":{"footnotes":""},"categories":[1,227,234],"tags":[],"class_list":["post-30130","post","type-post","status-publish","format-standard","has-post-thumbnail","hentry","category-actualidad","category-nacionales","category-turismo"],"_links":{"self":[{"href":"https:\/\/actualizateiguazu.com\/v3\/wp-json\/wp\/v2\/posts\/30130","targetHints":{"allow":["GET"]}}],"collection":[{"href":"https:\/\/actualizateiguazu.com\/v3\/wp-json\/wp\/v2\/posts"}],"about":[{"href":"https:\/\/actualizateiguazu.com\/v3\/wp-json\/wp\/v2\/types\/post"}],"author":[{"embeddable":true,"href":"https:\/\/actualizateiguazu.com\/v3\/wp-json\/wp\/v2\/users\/1"}],"replies":[{"embeddable":true,"href":"https:\/\/actualizateiguazu.com\/v3\/wp-json\/wp\/v2\/comments?post=30130"}],"version-history":[{"count":1,"href":"https:\/\/actualizateiguazu.com\/v3\/wp-json\/wp\/v2\/posts\/30130\/revisions"}],"predecessor-version":[{"id":30143,"href":"https:\/\/actualizateiguazu.com\/v3\/wp-json\/wp\/v2\/posts\/30130\/revisions\/30143"}],"wp:featuredmedia":[{"embeddable":true,"href":"https:\/\/actualizateiguazu.com\/v3\/wp-json\/wp\/v2\/media\/30138"}],"wp:attachment":[{"href":"https:\/\/actualizateiguazu.com\/v3\/wp-json\/wp\/v2\/media?parent=30130"}],"wp:term":[{"taxonomy":"category","embeddable":true,"href":"https:\/\/actualizateiguazu.com\/v3\/wp-json\/wp\/v2\/categories?post=30130"},{"taxonomy":"post_tag","embeddable":true,"href":"https:\/\/actualizateiguazu.com\/v3\/wp-json\/wp\/v2\/tags?post=30130"}],"curies":[{"name":"wp","href":"https:\/\/api.w.org\/{rel}","templated":true}]}}