{"id":30153,"date":"2022-07-31T12:58:15","date_gmt":"2022-07-31T15:58:15","guid":{"rendered":"https:\/\/actualizateiguazu.com\/v3\/?p=30153"},"modified":"2022-07-31T12:58:19","modified_gmt":"2022-07-31T15:58:19","slug":"vence-el-plazo-para-mantener-los-subsidios-de-luz-y-gas","status":"publish","type":"post","link":"https:\/\/actualizateiguazu.com\/v3\/2022\/07\/31\/vence-el-plazo-para-mantener-los-subsidios-de-luz-y-gas\/","title":{"rendered":"Vence el plazo para mantener los subsidios de luz y gas"},"content":{"rendered":"\n<p>El plazo original venci\u00f3 el mi\u00e9rcoles \u00faltimo, pero el gobierno decidi\u00f3 extenderlo hasta el \u00faltimo d\u00eda de julio para lograr que m\u00e1s usuarios puedan anotarse en el Registro de Acceso a los Subsidios de Energ\u00eda (Rase). Quienes a\u00fan no se hayan inscripto en el registro para mantener los subsidios en las tarifas de luz y gas tendr\u00e1n tiempo hasta hoy para hacerlo.<\/p>\n\n\n\n<p>La inscripci\u00f3n se inici\u00f3 el 15 de este mes y se ven\u00eda realizando seg\u00fan la terminaci\u00f3n del DNI de los titulares de ambos servicios, pero la extensi\u00f3n no contempla ese requisito: pueden anotarse todos los interesados, cualquiera fuera el \u00faltimo n\u00famero de su documento.<\/p>\n\n\n\n<p>Seg\u00fan estim\u00f3 el coordinador del programa de segmentaci\u00f3n tarifaria, Santiago Yanotti, al final del per\u00edodo ser\u00e1n unos 11 millones los usuarios inscriptos.<\/p>\n\n\n\n<p>El formulario que debe llenarse para mantener el subsidio est\u00e1 disponible en www.argentina.gob.ar\/subsidios, pero el tr\u00e1mite tambi\u00e9n puede concretarse de manera presencial en las oficinas de la Administraci\u00f3n Nacional de la Seguridad Social (Anses).<\/p>\n\n\n\n<p>Seg\u00fan indic\u00f3 la Secretar\u00eda de Energ\u00eda, el 10% de los hogares de mayores ingresos dejar\u00e1 de percibir los subsidios de manera gradual, desde agosto hasta diciembre, y abonar\u00e1n la tarifa plena.<\/p>\n\n\n\n<p>Fuente: El Territorio<\/p>\n","protected":false},"excerpt":{"rendered":"<p>El plazo original venci\u00f3 el mi\u00e9rcoles \u00faltimo, pero el gobierno decidi\u00f3 extenderlo hasta el \u00faltimo<\/p>\n","protected":false},"author":1,"featured_media":30154,"comment_status":"open","ping_status":"open","sticky":false,"template":"","format":"standard","meta":{"footnotes":""},"categories":[1,227],"tags":[],"class_list":["post-30153","post","type-post","status-publish","format-standard","has-post-thumbnail","hentry","category-actualidad","category-nacionales"],"_links":{"self":[{"href":"https:\/\/actualizateiguazu.com\/v3\/wp-json\/wp\/v2\/posts\/30153","targetHints":{"allow":["GET"]}}],"collection":[{"href":"https:\/\/actualizateiguazu.com\/v3\/wp-json\/wp\/v2\/posts"}],"about":[{"href":"https:\/\/actualizateiguazu.com\/v3\/wp-json\/wp\/v2\/types\/post"}],"author":[{"embeddable":true,"href":"https:\/\/actualizateiguazu.com\/v3\/wp-json\/wp\/v2\/users\/1"}],"replies":[{"embeddable":true,"href":"https:\/\/actualizateiguazu.com\/v3\/wp-json\/wp\/v2\/comments?post=30153"}],"version-history":[{"count":1,"href":"https:\/\/actualizateiguazu.com\/v3\/wp-json\/wp\/v2\/posts\/30153\/revisions"}],"predecessor-version":[{"id":30155,"href":"https:\/\/actualizateiguazu.com\/v3\/wp-json\/wp\/v2\/posts\/30153\/revisions\/30155"}],"wp:featuredmedia":[{"embeddable":true,"href":"https:\/\/actualizateiguazu.com\/v3\/wp-json\/wp\/v2\/media\/30154"}],"wp:attachment":[{"href":"https:\/\/actualizateiguazu.com\/v3\/wp-json\/wp\/v2\/media?parent=30153"}],"wp:term":[{"taxonomy":"category","embeddable":true,"href":"https:\/\/actualizateiguazu.com\/v3\/wp-json\/wp\/v2\/categories?post=30153"},{"taxonomy":"post_tag","embeddable":true,"href":"https:\/\/actualizateiguazu.com\/v3\/wp-json\/wp\/v2\/tags?post=30153"}],"curies":[{"name":"wp","href":"https:\/\/api.w.org\/{rel}","templated":true}]}}