{"id":30167,"date":"2022-08-01T08:23:14","date_gmt":"2022-08-01T11:23:14","guid":{"rendered":"https:\/\/actualizateiguazu.com\/v3\/?p=30167"},"modified":"2022-08-01T08:23:17","modified_gmt":"2022-08-01T11:23:17","slug":"la-dupla-lucas-y-alejandro-ritter-se-llevo-el-rally-de-santa-rita-y-alba-posse","status":"publish","type":"post","link":"https:\/\/actualizateiguazu.com\/v3\/2022\/08\/01\/la-dupla-lucas-y-alejandro-ritter-se-llevo-el-rally-de-santa-rita-y-alba-posse\/","title":{"rendered":"La dupla Lucas y Alejandro Ritter se llev\u00f3 el Rally de Santa Rita y Alba Posse"},"content":{"rendered":"\n<p>El binomio de Arist\u00f3bulo del Valle integrado por Lucas y Alejandro Ritter (Renault 18) se llev\u00f3 el Rally de Santa Rita y Alba Posse, prueba que v\u00e1lida por la 4\u00b0 fecha del Campeonato Misionero de Rally que se disput\u00f3 por los caminos del alto Uruguay.<\/p>\n\n\n\n<p>La dupla Ritter-Ritter sali\u00f3 a mantener el ritmo que hab\u00eda tenido el s\u00e1bado y se pudo llevar la victoria en el Grupo A y en la general con un acumulado de 38m04s6\/10 para las 8 pruebas especiales que tuvo el 2\u00b0 Gran Premio Mariano Marchiotti (por la neblina se atras\u00f3 una hora el inicio de la segunda etapa y se tuvo que suspender el PC 9)<\/p>\n\n\n\n<figure class=\"wp-block-image size-large\"><img loading=\"lazy\" decoding=\"async\" width=\"1024\" height=\"682\" src=\"https:\/\/actualizateiguazu.com\/v3\/wp-content\/uploads\/2022\/08\/296177424_2713988392064363_137656971990620143_n-1024x682.jpg\" alt=\"\" class=\"wp-image-30169\" srcset=\"https:\/\/actualizateiguazu.com\/v3\/wp-content\/uploads\/2022\/08\/296177424_2713988392064363_137656971990620143_n-1024x682.jpg 1024w, https:\/\/actualizateiguazu.com\/v3\/wp-content\/uploads\/2022\/08\/296177424_2713988392064363_137656971990620143_n-300x200.jpg 300w, https:\/\/actualizateiguazu.com\/v3\/wp-content\/uploads\/2022\/08\/296177424_2713988392064363_137656971990620143_n-768x512.jpg 768w, https:\/\/actualizateiguazu.com\/v3\/wp-content\/uploads\/2022\/08\/296177424_2713988392064363_137656971990620143_n.jpg 1280w\" sizes=\"auto, (max-width: 1024px) 100vw, 1024px\" \/><\/figure>\n\n\n\n<p>As\u00ed el binomio de Arist\u00f3bulo del Valle logra una nueva victoria en el Grupo A y se escapa en la cima del campeonato. El binomio de Leandro N. Alem, Pauly Koch-Marcelo Houchuk (VW Gol), volvi\u00f3 de la mejor manera y qued\u00f3 segundo en el Grupo A. Tercero se ubic\u00f3 el binomio de Ap\u00f3stoles integrado por Ricardo y Juan Pablo Pernigotti (VW Gol).<\/p>\n\n\n\n<p>La categor\u00eda Hibrido fue para la dupla de San Vicente Erneso Muchewicz-Fabio Bloch (VW Gol), que acumul\u00f3 38m11s1\/10 qued\u00f3 segundo Gabriel Vidal Rodr\u00edguez-Aytor Zugasti (Ford Ka), quien qued\u00f3 a 20 segundos del ganador.<\/p>\n\n\n\n<p>En la N2, se impuso de punta a punta Sergio Zarza-Hugo Espinola (Ford Fiesta) con un acumulado de 39:42,5. Segundo quedo Luis Da Luz-Lucas Houchuk (Ford Fiesta), que sum\u00f3 su cuarto podio consecutivo y tercero qued\u00f3 Horacio Sauer-Agust\u00edn Schuster (Ford Ka).<\/p>\n\n\n\n<figure class=\"wp-block-image size-large\"><img loading=\"lazy\" decoding=\"async\" width=\"1024\" height=\"683\" src=\"https:\/\/actualizateiguazu.com\/v3\/wp-content\/uploads\/2022\/08\/image-1024x683.png\" alt=\"\" class=\"wp-image-30168\" srcset=\"https:\/\/actualizateiguazu.com\/v3\/wp-content\/uploads\/2022\/08\/image-1024x683.png 1024w, https:\/\/actualizateiguazu.com\/v3\/wp-content\/uploads\/2022\/08\/image-300x200.png 300w, https:\/\/actualizateiguazu.com\/v3\/wp-content\/uploads\/2022\/08\/image-768x512.png 768w, https:\/\/actualizateiguazu.com\/v3\/wp-content\/uploads\/2022\/08\/image.png 1280w\" sizes=\"auto, (max-width: 1024px) 100vw, 1024px\" \/><\/figure>\n\n\n\n<p>La alegr\u00eda local fue Victorio \u201cYunior\u201d Boher-Yonas Muller (VW Gol) en la N6. Segundo la dupla local integrada por Yeisson Federich-Mauro Boher (VW Gol). Mientras que la dupla de Concepci\u00f3n de la Sierra integrada por Jos\u00e9 Igoa-Eduardo Osudar hab\u00eda terminado segunda en los caminos pero su VW Gol no pas\u00f3 la t\u00e9cnica. As\u00ed el tercer lugar fue para Marcos y Kymberly Marchiotti (VW Gol), para completar un 1-2-3 hist\u00f3rico para Santa Rita y Alba Posse.<\/p>\n\n\n\n<p>En la AZ Light, el binomio de Arist\u00f3bulo del Valle integrado por Diego Czajkowski-Walter Belgtatt (VW Gol) gan\u00f3 su primera carrera en la categor\u00eda. El binomio de Arist\u00f3bulo del Valle integrado por Daniel M\u00e1rquez-Ren\u00e9 Dos Santos (Renault 18) qued\u00f3 segundo. La dupla Germ\u00e1n Singer-Gabriel Cabral, hab\u00eda llegado tercero en los camino pero su VW Gol no pas\u00f3 la t\u00e9cnica y fue excluido, por lo que el \u00faltimo lugar del podio qued\u00f3 desierto.<\/p>\n\n\n\n<figure class=\"wp-block-image size-large\"><img loading=\"lazy\" decoding=\"async\" width=\"1024\" height=\"684\" src=\"https:\/\/actualizateiguazu.com\/v3\/wp-content\/uploads\/2022\/08\/296236594_2713986982064504_688721614876645854_n-1024x684.jpg\" alt=\"\" class=\"wp-image-30170\" srcset=\"https:\/\/actualizateiguazu.com\/v3\/wp-content\/uploads\/2022\/08\/296236594_2713986982064504_688721614876645854_n-1024x684.jpg 1024w, https:\/\/actualizateiguazu.com\/v3\/wp-content\/uploads\/2022\/08\/296236594_2713986982064504_688721614876645854_n-300x200.jpg 300w, https:\/\/actualizateiguazu.com\/v3\/wp-content\/uploads\/2022\/08\/296236594_2713986982064504_688721614876645854_n-768x513.jpg 768w, https:\/\/actualizateiguazu.com\/v3\/wp-content\/uploads\/2022\/08\/296236594_2713986982064504_688721614876645854_n-1536x1025.jpg 1536w, https:\/\/actualizateiguazu.com\/v3\/wp-content\/uploads\/2022\/08\/296236594_2713986982064504_688721614876645854_n.jpg 2048w\" sizes=\"auto, (max-width: 1024px) 100vw, 1024px\" \/><\/figure>\n\n\n\n<p>En la N3, quien ven\u00eda como l\u00edder Jonathan Nesse-Luis Garc\u00eda (Citro\u00ebn C4 VTS) rompi\u00f3 la caja y debi\u00f3 abandonar. As\u00ed, la victoria la hered\u00f3 la dupla Jos\u00e9 Luis Stellmazchuk-Carlos Pristupa (VW Gol Trend), quien mantuvo un ritmo regular y celebr\u00f3 en lo m\u00e1s alto del podio. Segundo qued\u00f3 Fernando Schmit-Tal\u00eda Ryzuk (Ford Ka) y tercero hab\u00eda terminado Anibal Reichel-Oscar Pereira pero su VW Gol no pas\u00f3 la t\u00e9cnica y el \u00faltimo lugar del podio qued\u00f3 desierto.<\/p>\n\n\n\n<p>Entre las motos, el apostole\u00f1o Nicol\u00e1s Zacharski se llev\u00f3 la general y la E2. Segundo en la E2 qued\u00f3 Leandro Korol y tercero fue el local Daniel De Olivera.<\/p>\n\n\n\n<p>En la E1 la etapa qued\u00f3 en manos de Lucas Horianski. Segundo se ubic\u00f3 Daniel Yendrika y tercero fue Joaqu\u00edn Chavero.<\/p>\n\n\n\n<p>En la E3, el piloto de Alem Sebasti\u00e1n Otto se impuso de punta a punta. Segundo se ubic\u00f3 Sandro Kleibert y tercero fue Mariano Husulak. En la E4 se impuso el juvenil piloto local Santiago De Olivera; segundo fue Denis Marquez y tercero qued\u00f3 Carlos Stemaszezuk.<\/p>\n\n\n\n<p>Entre los Quad, Germ\u00e1n Wolenberg fue el mejor en la A y en la general. Segundo fue Giuliano De Paola y tercero se ubic\u00f3 el correntio Emilio Cozzarini.<\/p>\n\n\n\n<p>En la B gan\u00f3 Mani Dornelles, segundo Victoria Werner Bazan, quien logr\u00f3 su primer podio entre los cuatriciclos.<\/p>\n\n\n\n<p>La pr\u00f3xima fecha, la quinta del calendario, se disputar\u00e1 el 2, 3 y 4 septiembre en la localidad de Ap\u00f3stoles.<\/p>\n\n\n\n<p><a href=\"https:\/\/www.facebook.com\/ampynarally\/photos\/pcb.2713989278730941\/2713985825397953\/?__cft__[0]=AZVHoWIolvArP3xkV16zn9NIt1m_SVf5jIJsgepKsZdReTaUM5w0o7Toq23u34qPPJWnr9Tb3aaGqdtPrzUZyV_BeEq2nMmJcXnnvQw9TVWQPZe5p5C-C1FW_LYC0Joe2tRDj6FJFdQOSbv3YLY-sSxQLm9183uAr-oke48cBhbJeS4YvMQ4UyQ-DI8AxQhBPsw&amp;__tn__=*bH-R\"><\/a><\/p>\n","protected":false},"excerpt":{"rendered":"<p>El binomio de Arist\u00f3bulo del Valle integrado por Lucas y Alejandro Ritter (Renault 18) se<\/p>\n","protected":false},"author":1,"featured_media":30171,"comment_status":"open","ping_status":"open","sticky":false,"template":"","format":"standard","meta":{"footnotes":""},"categories":[223],"tags":[],"class_list":["post-30167","post","type-post","status-publish","format-standard","has-post-thumbnail","hentry","category-deportes"],"_links":{"self":[{"href":"https:\/\/actualizateiguazu.com\/v3\/wp-json\/wp\/v2\/posts\/30167","targetHints":{"allow":["GET"]}}],"collection":[{"href":"https:\/\/actualizateiguazu.com\/v3\/wp-json\/wp\/v2\/posts"}],"about":[{"href":"https:\/\/actualizateiguazu.com\/v3\/wp-json\/wp\/v2\/types\/post"}],"author":[{"embeddable":true,"href":"https:\/\/actualizateiguazu.com\/v3\/wp-json\/wp\/v2\/users\/1"}],"replies":[{"embeddable":true,"href":"https:\/\/actualizateiguazu.com\/v3\/wp-json\/wp\/v2\/comments?post=30167"}],"version-history":[{"count":1,"href":"https:\/\/actualizateiguazu.com\/v3\/wp-json\/wp\/v2\/posts\/30167\/revisions"}],"predecessor-version":[{"id":30172,"href":"https:\/\/actualizateiguazu.com\/v3\/wp-json\/wp\/v2\/posts\/30167\/revisions\/30172"}],"wp:featuredmedia":[{"embeddable":true,"href":"https:\/\/actualizateiguazu.com\/v3\/wp-json\/wp\/v2\/media\/30171"}],"wp:attachment":[{"href":"https:\/\/actualizateiguazu.com\/v3\/wp-json\/wp\/v2\/media?parent=30167"}],"wp:term":[{"taxonomy":"category","embeddable":true,"href":"https:\/\/actualizateiguazu.com\/v3\/wp-json\/wp\/v2\/categories?post=30167"},{"taxonomy":"post_tag","embeddable":true,"href":"https:\/\/actualizateiguazu.com\/v3\/wp-json\/wp\/v2\/tags?post=30167"}],"curies":[{"name":"wp","href":"https:\/\/api.w.org\/{rel}","templated":true}]}}