{"id":30173,"date":"2022-08-01T09:07:46","date_gmt":"2022-08-01T12:07:46","guid":{"rendered":"https:\/\/actualizateiguazu.com\/v3\/?p=30173"},"modified":"2022-08-01T09:07:49","modified_gmt":"2022-08-01T12:07:49","slug":"los-tipitos-el-plato-fuerte-del-black-friday","status":"publish","type":"post","link":"https:\/\/actualizateiguazu.com\/v3\/2022\/08\/01\/los-tipitos-el-plato-fuerte-del-black-friday\/","title":{"rendered":"Los Tipitos, el plato fuerte del Black Friday"},"content":{"rendered":"\n<p>Junto a otros artistas, formar\u00e1n parte de la grilla art\u00edstica del XII evento comercial que se desarrollar\u00e1 en Posadas, entre el 4 al 7 de agosto venidero. En esta oportunidad, el IPLyC SE aportar\u00e1 la t\u00e9cnica y los eventos tanto para la feria de la plaza San Mart\u00edn, la plaza 9 de Julio como para la feria que se instalar\u00e1 en el barrio Villa Sarita.<br>Las actividades se iniciar\u00e1n el jueves 4 de agosto con \u201cLa Pe\u00f1a del Black\u201d, en la Plaza San Mart\u00edn. A las 17, se realizar\u00e1 la apertura del evento con la \u201cBanda del Servicio Penitenciario\u201d desde la Plaza 9 de Julio hasta la Plaza San Mart\u00edn.&nbsp; A las 17.45, apertura con acto oficial y palabras alusivas; a las 18.15, M\u00fasicos del Palacio; a las 19, Ballet Municipal; a las 20, Mujeres en Cuarentena; a las 21, Banda de Patrimonio Cultural del Parque del Conocimiento, y a las 22, DJ.<\/p>\n\n\n\n<p>El viernes 5 de agosto, en la Plaza San Mart\u00edn<br>A las 17.30, espacio gourmet (cocina y tragos en vivo, con sorteos). Patricia Zacarias y Mat\u00edas Fratichelli; a las 20, Flores a los Chanchos; a las 21, banda de rock nacional Los Tipitos\u201d, que llegar\u00e1n de la mano del Programa Social \u201cKm de Rock\u201d, y Dj.<\/p>\n\n\n\n<p>El s\u00e1bado 6 de agosto, en la Plaza San Mart\u00edn<br>A las 17.30, desfile &#8211; Ruta del dise\u00f1o Misionero; a las 20, intervenciones del Ballet Folkl\u00f3rico y del Ballet Cl\u00e1sico del Parque del Conocimiento; Como Agua entre los dedos; Aguas Primaverales; D\u00fao Alfonsina; Nervura, y Rock Nacional. A las 21, espacio gourmet (cocina y tragos en vivo, con sorteos); a las 22. Bacana + m\u00fasica brasilera, y a las 23, Dj.<\/p>\n\n\n\n<p>En la Plaza 9 de Julio<br>De 17 a 20. Actividades para ni\u00f1os: Escuela de Rob\u00f3tica, Ministerio de Energ\u00eda con<br>juegos, Escuelita Vial. Museo Municipal con arte para ni\u00f1os.<\/p>\n\n\n\n<p>En San Lorenzo y Bol\u00edvar<br>A las 19, Paola Leguizam\u00f3n; a las 20, Pato Garc\u00eda, y a las 21, Folha.<\/p>\n\n\n\n<p>En Villa Sarita<br>A las 19, Dawnfall; a las 20, M\u00e1quina Mental; a las 21, Bocanada, y a las 22, Dj.<\/p>\n\n\n\n<p>Domingo 7 de agosto, en la Plaza San Mart\u00edn<br>A las 15, expo de autos cl\u00e1sicos y antiguos; a las 17, Grillitos Sinf\u00f3nicos, y a las 18, dedicado a la ni\u00f1ez con la presencia del Programa \u201cGurises Felices\u201d.<\/p>\n","protected":false},"excerpt":{"rendered":"<p>Junto a otros artistas, formar\u00e1n parte de la grilla art\u00edstica del XII evento comercial que<\/p>\n","protected":false},"author":1,"featured_media":30174,"comment_status":"open","ping_status":"open","sticky":false,"template":"","format":"standard","meta":{"footnotes":""},"categories":[1,222,229],"tags":[],"class_list":["post-30173","post","type-post","status-publish","format-standard","has-post-thumbnail","hentry","category-actualidad","category-cultura","category-provinciales"],"_links":{"self":[{"href":"https:\/\/actualizateiguazu.com\/v3\/wp-json\/wp\/v2\/posts\/30173","targetHints":{"allow":["GET"]}}],"collection":[{"href":"https:\/\/actualizateiguazu.com\/v3\/wp-json\/wp\/v2\/posts"}],"about":[{"href":"https:\/\/actualizateiguazu.com\/v3\/wp-json\/wp\/v2\/types\/post"}],"author":[{"embeddable":true,"href":"https:\/\/actualizateiguazu.com\/v3\/wp-json\/wp\/v2\/users\/1"}],"replies":[{"embeddable":true,"href":"https:\/\/actualizateiguazu.com\/v3\/wp-json\/wp\/v2\/comments?post=30173"}],"version-history":[{"count":1,"href":"https:\/\/actualizateiguazu.com\/v3\/wp-json\/wp\/v2\/posts\/30173\/revisions"}],"predecessor-version":[{"id":30175,"href":"https:\/\/actualizateiguazu.com\/v3\/wp-json\/wp\/v2\/posts\/30173\/revisions\/30175"}],"wp:featuredmedia":[{"embeddable":true,"href":"https:\/\/actualizateiguazu.com\/v3\/wp-json\/wp\/v2\/media\/30174"}],"wp:attachment":[{"href":"https:\/\/actualizateiguazu.com\/v3\/wp-json\/wp\/v2\/media?parent=30173"}],"wp:term":[{"taxonomy":"category","embeddable":true,"href":"https:\/\/actualizateiguazu.com\/v3\/wp-json\/wp\/v2\/categories?post=30173"},{"taxonomy":"post_tag","embeddable":true,"href":"https:\/\/actualizateiguazu.com\/v3\/wp-json\/wp\/v2\/tags?post=30173"}],"curies":[{"name":"wp","href":"https:\/\/api.w.org\/{rel}","templated":true}]}}