{"id":30176,"date":"2022-08-01T13:21:39","date_gmt":"2022-08-01T16:21:39","guid":{"rendered":"https:\/\/actualizateiguazu.com\/v3\/?p=30176"},"modified":"2022-08-01T13:21:42","modified_gmt":"2022-08-01T16:21:42","slug":"se-incremento-la-lactancia-materna-exclusiva-en-misiones","status":"publish","type":"post","link":"https:\/\/actualizateiguazu.com\/v3\/2022\/08\/01\/se-incremento-la-lactancia-materna-exclusiva-en-misiones\/","title":{"rendered":"Se increment\u00f3 la lactancia materna exclusiva en Misiones"},"content":{"rendered":"\n<p>La lactancia materna exclusiva en los primeros meses de vida del beb\u00e9 se increment\u00f3 en Misiones, seg\u00fan los datos preliminares de la Encuesta Nacional de Lactancia. La lactancia materna exclusiva en los 2 meses en el 2017 era del 51,80 por ciento y en 2022 se increment\u00f3 al 63,16 %. En cuanto a los 4 meses pas\u00f3 de 37,80% (2017) a 62,99% (2022), y a los 6 meses de 31,70 % (2017) a 37,78 % (2022).<\/p>\n\n\n\n<p>Los \u00faltimos datos relevados en Misiones fueron el 2017, los cuales ya marcaban un incremento de la lactancia materna exclusiva en los primeros meses. \u201cCon los datos preliminares que tenemos de este a\u00f1o esa tendencia se mantiene\u201d, dijo la Lic. Mar\u00eda Esther Zadorozne, referencia de nutrici\u00f3n del Ministerio de Salud P\u00fablica de Misiones.<\/p>\n\n\n\n<p>En cuanto a la lactancia exclusiva entre los 12 y 15 meses de edad del ni\u00f1o, entre 2017 y 2022 hubo una baja en el porcentaje, de 88,20% al 81,43%.<\/p>\n\n\n\n<p>En Misiones la primera encuesta de lactancia se realiz\u00f3 en el a\u00f1o 2001 y \u201cdesde ese tiempo a la fecha los \u00edndices de lactancia materna exclusiva fueron incrementando. Recordemos que en 2001 la lactancia exclusiva en bebes de 2 meses era del 32,71% y hoy es del 63,16%, en bebes de 4 meses de 11,11% en 2001 y este a\u00f1o es de 62,99 %, y en a los 6 meses era de 8,54% y hoy est\u00e1 en 34,78%. Fuimos mejorando y debemos seguir trabajando para lograr todos o gran parte de los ni\u00f1os reciban leche materna conforme a las recomendaciones nacionales e internacionales, sobre trat\u00e1ndose de una estrategia de salud tan importante para la reducci\u00f3n de la morbi-mortalidad infantil\u201d, resalt\u00f3 Zadorozne.<\/p>\n\n\n\n<p>Los datos fueron presentados hoy en el lanzamiento de la Semana Mundial de la Lactancia Materna 2022 en la sede de la cartera sanitaria provincial.<\/p>\n","protected":false},"excerpt":{"rendered":"<p>La lactancia materna exclusiva en los primeros meses de vida del beb\u00e9 se increment\u00f3 en<\/p>\n","protected":false},"author":1,"featured_media":30177,"comment_status":"open","ping_status":"open","sticky":false,"template":"","format":"standard","meta":{"footnotes":""},"categories":[1,229,231],"tags":[],"class_list":["post-30176","post","type-post","status-publish","format-standard","has-post-thumbnail","hentry","category-actualidad","category-provinciales","category-salud"],"_links":{"self":[{"href":"https:\/\/actualizateiguazu.com\/v3\/wp-json\/wp\/v2\/posts\/30176","targetHints":{"allow":["GET"]}}],"collection":[{"href":"https:\/\/actualizateiguazu.com\/v3\/wp-json\/wp\/v2\/posts"}],"about":[{"href":"https:\/\/actualizateiguazu.com\/v3\/wp-json\/wp\/v2\/types\/post"}],"author":[{"embeddable":true,"href":"https:\/\/actualizateiguazu.com\/v3\/wp-json\/wp\/v2\/users\/1"}],"replies":[{"embeddable":true,"href":"https:\/\/actualizateiguazu.com\/v3\/wp-json\/wp\/v2\/comments?post=30176"}],"version-history":[{"count":1,"href":"https:\/\/actualizateiguazu.com\/v3\/wp-json\/wp\/v2\/posts\/30176\/revisions"}],"predecessor-version":[{"id":30178,"href":"https:\/\/actualizateiguazu.com\/v3\/wp-json\/wp\/v2\/posts\/30176\/revisions\/30178"}],"wp:featuredmedia":[{"embeddable":true,"href":"https:\/\/actualizateiguazu.com\/v3\/wp-json\/wp\/v2\/media\/30177"}],"wp:attachment":[{"href":"https:\/\/actualizateiguazu.com\/v3\/wp-json\/wp\/v2\/media?parent=30176"}],"wp:term":[{"taxonomy":"category","embeddable":true,"href":"https:\/\/actualizateiguazu.com\/v3\/wp-json\/wp\/v2\/categories?post=30176"},{"taxonomy":"post_tag","embeddable":true,"href":"https:\/\/actualizateiguazu.com\/v3\/wp-json\/wp\/v2\/tags?post=30176"}],"curies":[{"name":"wp","href":"https:\/\/api.w.org\/{rel}","templated":true}]}}