{"id":30179,"date":"2022-08-01T13:26:26","date_gmt":"2022-08-01T16:26:26","guid":{"rendered":"https:\/\/actualizateiguazu.com\/v3\/?p=30179"},"modified":"2022-08-01T13:26:28","modified_gmt":"2022-08-01T16:26:28","slug":"chicos-de-25-de-mayo-pasaron-un-domingo-super-divertido","status":"publish","type":"post","link":"https:\/\/actualizateiguazu.com\/v3\/2022\/08\/01\/chicos-de-25-de-mayo-pasaron-un-domingo-super-divertido\/","title":{"rendered":"Chicos de 25 de Mayo pasaron un domingo s\u00faper divertido"},"content":{"rendered":"\n<p>Con la presencia de los programas TeRRestRis y Gurises Felices, la comunidad de 25 de Mayo vivi\u00f3 este domingo, la Fiesta de la infancia. La convocatoria fue en la Plaza de los Inmigrantes, de este municipio, con la presencia de numerosas familias de la colonia y de municipios cercanos. La fiesta, bajo un sol radiante, estuvo amenizada por la banda \u201cSuena Sanfona\u201d y las ya conocidas ocurrencias del payaso \u201cPoca Sopa\u201d. Hubo numerosos juegos, sorteos de bicicletas y otros regalos, donados por el municipio.<\/p>\n\n\n\n<figure class=\"wp-block-image size-full\"><img loading=\"lazy\" decoding=\"async\" width=\"810\" height=\"540\" src=\"https:\/\/actualizateiguazu.com\/v3\/wp-content\/uploads\/2022\/08\/WhatsApp-Image-2022-08-01-at-8.45.20-AM.jpeg\" alt=\"\" class=\"wp-image-30181\" srcset=\"https:\/\/actualizateiguazu.com\/v3\/wp-content\/uploads\/2022\/08\/WhatsApp-Image-2022-08-01-at-8.45.20-AM.jpeg 810w, https:\/\/actualizateiguazu.com\/v3\/wp-content\/uploads\/2022\/08\/WhatsApp-Image-2022-08-01-at-8.45.20-AM-300x200.jpeg 300w, https:\/\/actualizateiguazu.com\/v3\/wp-content\/uploads\/2022\/08\/WhatsApp-Image-2022-08-01-at-8.45.20-AM-768x512.jpeg 768w\" sizes=\"auto, (max-width: 810px) 100vw, 810px\" \/><\/figure>\n\n\n\n<p><br>Los integrantes de la Direcci\u00f3n de Festejos Patrios se encargaron del decorado, y los de la Direcci\u00f3n de la Juventud, colaboraci\u00f3n en la organizaci\u00f3n del evento, que fue un adelanto de los encuentros que Gurises Felices tendr\u00e1 con ni\u00f1os de toda la provincia durante el mes de agosto. Entre las actividades, los chicos tuvieron tiempo para disfrutar de un chocolate con facturas.<\/p>\n","protected":false},"excerpt":{"rendered":"<p>Con la presencia de los programas TeRRestRis y Gurises Felices, la comunidad de 25 de<\/p>\n","protected":false},"author":1,"featured_media":30180,"comment_status":"open","ping_status":"open","sticky":false,"template":"","format":"standard","meta":{"footnotes":""},"categories":[1,229],"tags":[],"class_list":["post-30179","post","type-post","status-publish","format-standard","has-post-thumbnail","hentry","category-actualidad","category-provinciales"],"_links":{"self":[{"href":"https:\/\/actualizateiguazu.com\/v3\/wp-json\/wp\/v2\/posts\/30179","targetHints":{"allow":["GET"]}}],"collection":[{"href":"https:\/\/actualizateiguazu.com\/v3\/wp-json\/wp\/v2\/posts"}],"about":[{"href":"https:\/\/actualizateiguazu.com\/v3\/wp-json\/wp\/v2\/types\/post"}],"author":[{"embeddable":true,"href":"https:\/\/actualizateiguazu.com\/v3\/wp-json\/wp\/v2\/users\/1"}],"replies":[{"embeddable":true,"href":"https:\/\/actualizateiguazu.com\/v3\/wp-json\/wp\/v2\/comments?post=30179"}],"version-history":[{"count":1,"href":"https:\/\/actualizateiguazu.com\/v3\/wp-json\/wp\/v2\/posts\/30179\/revisions"}],"predecessor-version":[{"id":30182,"href":"https:\/\/actualizateiguazu.com\/v3\/wp-json\/wp\/v2\/posts\/30179\/revisions\/30182"}],"wp:featuredmedia":[{"embeddable":true,"href":"https:\/\/actualizateiguazu.com\/v3\/wp-json\/wp\/v2\/media\/30180"}],"wp:attachment":[{"href":"https:\/\/actualizateiguazu.com\/v3\/wp-json\/wp\/v2\/media?parent=30179"}],"wp:term":[{"taxonomy":"category","embeddable":true,"href":"https:\/\/actualizateiguazu.com\/v3\/wp-json\/wp\/v2\/categories?post=30179"},{"taxonomy":"post_tag","embeddable":true,"href":"https:\/\/actualizateiguazu.com\/v3\/wp-json\/wp\/v2\/tags?post=30179"}],"curies":[{"name":"wp","href":"https:\/\/api.w.org\/{rel}","templated":true}]}}