{"id":30183,"date":"2022-08-01T15:04:19","date_gmt":"2022-08-01T18:04:19","guid":{"rendered":"https:\/\/actualizateiguazu.com\/v3\/?p=30183"},"modified":"2022-08-01T15:04:22","modified_gmt":"2022-08-01T18:04:22","slug":"el-programa-volver-a-viajar-invita-a-adultos-mayores-misioneros-a-recorrer-la-provincia","status":"publish","type":"post","link":"https:\/\/actualizateiguazu.com\/v3\/2022\/08\/01\/el-programa-volver-a-viajar-invita-a-adultos-mayores-misioneros-a-recorrer-la-provincia\/","title":{"rendered":"El Programa \u00abVolver a viajar\u00bb invita a adultos mayores misioneros a recorrer la provincia"},"content":{"rendered":"\n<p>La propuesta es iniciativa conjunta del Ministerio de Turismo, Ministerio de Desarrollo Social, la Mujer y la Juventud, y el Parque del Conocimiento. Impulsa y motiva la actividad tur\u00edstica para personas mayores.<\/p>\n\n\n\n<p>Con el prop\u00f3sito de fomentar el disfrute de los m\u00faltiples atractivos de la provincia, el programa \u00abVolver a viajar\u00bb, propone a los adultos mayores recorrer los Parques Provinciales&nbsp;y Reducciones Jesu\u00edticas, como as\u00ed tambi\u00e9n compartir eventos art\u00edsticos, pel\u00edculas en el cine IMAX, entre otras opciones, seg\u00fan el programa de cada viaje.<\/p>\n\n\n\n<p>\u00abQueremos arrancar este segundo semestre del a\u00f1o fortaleciendo acciones que inviten a recorrer la provincia. Y qu\u00e9 mejor opci\u00f3n que los clubes de abuelos, que siempre han sido grandes aliados y grandes maestros, demostrando que ante la adversidad, los misioneros siempre nos levantamos\u00bb, remarc\u00f3 el ministro de Turismo, Jos\u00e9 Mar\u00eda Arr\u00faa, durante la conferencia de presentaci\u00f3n, de la que particip\u00f3 junto a su par de\u00a0Desarrollo Social, la Mujer y la Juventud,\u00a0 Fernando Meza; el subsecretario de Adultos Mayores, Juan Carlos Ferreyra; el director del Parque del Conocimiento, Hern\u00e1n Corrales; y la directora de Adultos Mayores municipal, Elizabeth Alcaraz.<\/p>\n\n\n\n<figure class=\"wp-block-image size-large\"><img loading=\"lazy\" decoding=\"async\" width=\"1024\" height=\"682\" src=\"https:\/\/actualizateiguazu.com\/v3\/wp-content\/uploads\/2022\/08\/Programa-Volver-a-Viajar-2-1024x682.jpeg\" alt=\"\" class=\"wp-image-30185\" srcset=\"https:\/\/actualizateiguazu.com\/v3\/wp-content\/uploads\/2022\/08\/Programa-Volver-a-Viajar-2-1024x682.jpeg 1024w, https:\/\/actualizateiguazu.com\/v3\/wp-content\/uploads\/2022\/08\/Programa-Volver-a-Viajar-2-300x200.jpeg 300w, https:\/\/actualizateiguazu.com\/v3\/wp-content\/uploads\/2022\/08\/Programa-Volver-a-Viajar-2-768x512.jpeg 768w, https:\/\/actualizateiguazu.com\/v3\/wp-content\/uploads\/2022\/08\/Programa-Volver-a-Viajar-2.jpeg 1280w\" sizes=\"auto, (max-width: 1024px) 100vw, 1024px\" \/><\/figure>\n\n\n\n<p>La propuesta, que contar\u00e1 con dos viajes mensuales, combinar\u00e1 actividades socio-recreativas con actividades tur\u00edstico-culturales.&nbsp;No es un programa aislado de gesti\u00f3n, sino que forma parte de las pol\u00edticas de gobierno que apuntan a favorecer los derechos de los ciudadanos y, en especial, de las personas mayores.<\/p>\n\n\n\n<p>Los participantes podr\u00e1n disfrutar de visitas a Parques Provinciales y Reducciones Jesu\u00edticas, compartiendo con sus pares una jornada en pleno contacto con la naturaleza y la cultura de la tierra colorada.&nbsp;<\/p>\n\n\n\n<p>De esta manera, se fomenta la construcci\u00f3n del conocimiento del territorio misionero, la culturalizaci\u00f3n y la \u00f3ptima recreaci\u00f3n de las personas mayores beneficiadas por la iniciativa.<\/p>\n","protected":false},"excerpt":{"rendered":"<p>La propuesta es iniciativa conjunta del Ministerio de Turismo, Ministerio de Desarrollo Social, la Mujer<\/p>\n","protected":false},"author":1,"featured_media":30184,"comment_status":"open","ping_status":"open","sticky":false,"template":"","format":"standard","meta":{"footnotes":""},"categories":[1,229,234],"tags":[],"class_list":["post-30183","post","type-post","status-publish","format-standard","has-post-thumbnail","hentry","category-actualidad","category-provinciales","category-turismo"],"_links":{"self":[{"href":"https:\/\/actualizateiguazu.com\/v3\/wp-json\/wp\/v2\/posts\/30183","targetHints":{"allow":["GET"]}}],"collection":[{"href":"https:\/\/actualizateiguazu.com\/v3\/wp-json\/wp\/v2\/posts"}],"about":[{"href":"https:\/\/actualizateiguazu.com\/v3\/wp-json\/wp\/v2\/types\/post"}],"author":[{"embeddable":true,"href":"https:\/\/actualizateiguazu.com\/v3\/wp-json\/wp\/v2\/users\/1"}],"replies":[{"embeddable":true,"href":"https:\/\/actualizateiguazu.com\/v3\/wp-json\/wp\/v2\/comments?post=30183"}],"version-history":[{"count":1,"href":"https:\/\/actualizateiguazu.com\/v3\/wp-json\/wp\/v2\/posts\/30183\/revisions"}],"predecessor-version":[{"id":30188,"href":"https:\/\/actualizateiguazu.com\/v3\/wp-json\/wp\/v2\/posts\/30183\/revisions\/30188"}],"wp:featuredmedia":[{"embeddable":true,"href":"https:\/\/actualizateiguazu.com\/v3\/wp-json\/wp\/v2\/media\/30184"}],"wp:attachment":[{"href":"https:\/\/actualizateiguazu.com\/v3\/wp-json\/wp\/v2\/media?parent=30183"}],"wp:term":[{"taxonomy":"category","embeddable":true,"href":"https:\/\/actualizateiguazu.com\/v3\/wp-json\/wp\/v2\/categories?post=30183"},{"taxonomy":"post_tag","embeddable":true,"href":"https:\/\/actualizateiguazu.com\/v3\/wp-json\/wp\/v2\/tags?post=30183"}],"curies":[{"name":"wp","href":"https:\/\/api.w.org\/{rel}","templated":true}]}}