{"id":30191,"date":"2022-08-01T15:26:51","date_gmt":"2022-08-01T18:26:51","guid":{"rendered":"https:\/\/actualizateiguazu.com\/v3\/?p=30191"},"modified":"2022-08-01T15:26:55","modified_gmt":"2022-08-01T18:26:55","slug":"comenzo-la-semana-mundial-de-la-lactancia-materna","status":"publish","type":"post","link":"https:\/\/actualizateiguazu.com\/v3\/2022\/08\/01\/comenzo-la-semana-mundial-de-la-lactancia-materna\/","title":{"rendered":"Comenz\u00f3 la Semana Mundial de la Lactancia Materna"},"content":{"rendered":"\n<p>Hoy inici\u00f3 la Semana Mundial de la Lactancia Materna con actividades en Hospitales, CAPS y espacios p\u00fablicos en varios puntos de Misiones<strong>. Este a\u00f1o bajo el lema \u201cImpulsemos la Lactancia Materna Apoyando y Educando\u201d, con la meta de impulsar el fortalecimiento de la lactancia materna como parte fundamental del buen sustento nutricional contribuyendo a la reducci\u00f3n de desigualdades.<\/strong><\/p>\n\n\n\n<p>Se llevaron a cabo la Apertura de la Semana Mundial de la Lactancia en el Sal\u00f3n Audit\u00f3rium del Ministerio de Salud P\u00fablica de Misiones, inicio de la Semana de la Lactancia en el Hospital Materno Neonatal en Posadas. <strong>Charla abierta a la comunidad en el SUM del Hospital Samic de Iguaz\u00fa. Dictado del Taller \u201cPreparto, lactancia y cuidado del reci\u00e9n nacido y entrega de lazo alusivo \u201cSemana de la lactancia materna\u201d<\/strong>, al personal en Hospital de Puerto Rico. Asesor\u00edas en consultorios externos de Ober\u00e1. Charlas en las salas de espera, entrega de lazos y folletos en el Hospital de Candelaria. Se dict\u00f3 una jornada sobre Lactancia Materna en el Sal\u00f3n Audit\u00f3rium del Hospital Samic de Eldorado. Jornadas de promoci\u00f3n y stands informativos en plazas de Posadas, Concepci\u00f3n de la Sierra.<\/p>\n\n\n\n<figure class=\"wp-block-image size-full\"><img loading=\"lazy\" decoding=\"async\" width=\"640\" height=\"427\" src=\"https:\/\/actualizateiguazu.com\/v3\/wp-content\/uploads\/2022\/08\/Samic-Eldorado-10-1.jpg\" alt=\"\" class=\"wp-image-30177\" srcset=\"https:\/\/actualizateiguazu.com\/v3\/wp-content\/uploads\/2022\/08\/Samic-Eldorado-10-1.jpg 640w, https:\/\/actualizateiguazu.com\/v3\/wp-content\/uploads\/2022\/08\/Samic-Eldorado-10-1-300x200.jpg 300w\" sizes=\"auto, (max-width: 640px) 100vw, 640px\" \/><\/figure>\n\n\n\n<p><strong>Las actividades de promoci\u00f3n continuar\u00e1n hasta el lunes 8 de agosto<\/strong>, adem\u00e1s de acciones de promoci\u00f3n a trav\u00e9s de las redes sociales y medios de comunicaci\u00f3n de la provincia. <strong>En Puerto Iguaz\u00fa se desarroll\u00f3 una charla en el SUM del Hospital.<\/strong><\/p>\n\n\n\n<p><strong>Actividades<\/strong><\/p>\n\n\n\n<p><strong>2 de agosto<\/strong><\/p>\n\n\n\n<p>Del 2 al 5\/08 desde las 8.30 horas se dictar\u00e1n charlas de educaci\u00f3n sobre lactancia materna \u2013 Consultorio Samic Iguaz\u00fa.<\/p>\n\n\n\n<p>8.30 horas Charla informativa \u2013 CAPS Barrio Hermoso.<\/p>\n\n\n\n<p>10.30 horas Charla Informativa \u2013 CAPS Santa Rosa.<\/p>\n\n\n\n<p><strong>3 de agosto<\/strong><\/p>\n\n\n\n<p>9 horas Charla informativa \u2013 CAPS Barrio Villa Alta y CAPS Barrio 1 de Mayo.<\/p>\n\n\n\n<p><strong>4 de agosto<\/strong><\/p>\n\n\n\n<p>9 horas Charla abierta a la comunidad \u2013 CAPS Mboror\u00e9.<\/p>\n","protected":false},"excerpt":{"rendered":"<p>Hoy inici\u00f3 la Semana Mundial de la Lactancia Materna con actividades en Hospitales, CAPS y<\/p>\n","protected":false},"author":1,"featured_media":30192,"comment_status":"open","ping_status":"open","sticky":false,"template":"","format":"standard","meta":{"footnotes":""},"categories":[1,226],"tags":[],"class_list":["post-30191","post","type-post","status-publish","format-standard","has-post-thumbnail","hentry","category-actualidad","category-locales"],"_links":{"self":[{"href":"https:\/\/actualizateiguazu.com\/v3\/wp-json\/wp\/v2\/posts\/30191","targetHints":{"allow":["GET"]}}],"collection":[{"href":"https:\/\/actualizateiguazu.com\/v3\/wp-json\/wp\/v2\/posts"}],"about":[{"href":"https:\/\/actualizateiguazu.com\/v3\/wp-json\/wp\/v2\/types\/post"}],"author":[{"embeddable":true,"href":"https:\/\/actualizateiguazu.com\/v3\/wp-json\/wp\/v2\/users\/1"}],"replies":[{"embeddable":true,"href":"https:\/\/actualizateiguazu.com\/v3\/wp-json\/wp\/v2\/comments?post=30191"}],"version-history":[{"count":1,"href":"https:\/\/actualizateiguazu.com\/v3\/wp-json\/wp\/v2\/posts\/30191\/revisions"}],"predecessor-version":[{"id":30193,"href":"https:\/\/actualizateiguazu.com\/v3\/wp-json\/wp\/v2\/posts\/30191\/revisions\/30193"}],"wp:featuredmedia":[{"embeddable":true,"href":"https:\/\/actualizateiguazu.com\/v3\/wp-json\/wp\/v2\/media\/30192"}],"wp:attachment":[{"href":"https:\/\/actualizateiguazu.com\/v3\/wp-json\/wp\/v2\/media?parent=30191"}],"wp:term":[{"taxonomy":"category","embeddable":true,"href":"https:\/\/actualizateiguazu.com\/v3\/wp-json\/wp\/v2\/categories?post=30191"},{"taxonomy":"post_tag","embeddable":true,"href":"https:\/\/actualizateiguazu.com\/v3\/wp-json\/wp\/v2\/tags?post=30191"}],"curies":[{"name":"wp","href":"https:\/\/api.w.org\/{rel}","templated":true}]}}