{"id":30198,"date":"2022-08-02T11:41:03","date_gmt":"2022-08-02T14:41:03","guid":{"rendered":"https:\/\/actualizateiguazu.com\/v3\/?p=30198"},"modified":"2022-08-02T11:41:06","modified_gmt":"2022-08-02T14:41:06","slug":"capacitacion-sobre-violencia-laboral-para-trabajadores-y-trabajadoras-de-un-hotel-en-puerto-iguazu","status":"publish","type":"post","link":"https:\/\/actualizateiguazu.com\/v3\/2022\/08\/02\/capacitacion-sobre-violencia-laboral-para-trabajadores-y-trabajadoras-de-un-hotel-en-puerto-iguazu\/","title":{"rendered":"Capacitaci\u00f3n sobre Violencia Laboral para trabajadores y trabajadoras de un hotel en Puerto Iguaz\u00fa"},"content":{"rendered":"\n<p>El Ministerio de Trabajo dict\u00f3 una capacitaci\u00f3n sobre Violencia Laboral y convenio 190 de OIT a trabajadores y trabajadoras del Hotel Meli\u00e1 en Puerto Iguaz\u00fa ubicado en el Parque Nacional Iguaz\u00fa. Este hotel registro una serie de denuncias por acoso laboral y sexual este a\u00f1o.<\/p>\n\n\n\n<p>La capacitaci\u00f3n fue brindada por el Observatorio de Violencia Laboral del Ministerio de Trabajo, con el equipo interdiscplinario conformado por Soledad Llamosas, Fernanda L\u00f3pez y Bel\u00e9n Acu\u00f1a.<\/p>\n\n\n\n<figure class=\"wp-block-image size-full\"><img loading=\"lazy\" decoding=\"async\" width=\"1024\" height=\"768\" src=\"https:\/\/actualizateiguazu.com\/v3\/wp-content\/uploads\/2022\/08\/295642069_425680512926651_4632970118584398158_n.jpg\" alt=\"\" class=\"wp-image-30200\" srcset=\"https:\/\/actualizateiguazu.com\/v3\/wp-content\/uploads\/2022\/08\/295642069_425680512926651_4632970118584398158_n.jpg 1024w, https:\/\/actualizateiguazu.com\/v3\/wp-content\/uploads\/2022\/08\/295642069_425680512926651_4632970118584398158_n-300x225.jpg 300w, https:\/\/actualizateiguazu.com\/v3\/wp-content\/uploads\/2022\/08\/295642069_425680512926651_4632970118584398158_n-768x576.jpg 768w, https:\/\/actualizateiguazu.com\/v3\/wp-content\/uploads\/2022\/08\/295642069_425680512926651_4632970118584398158_n-720x540.jpg 720w\" sizes=\"auto, (max-width: 1024px) 100vw, 1024px\" \/><\/figure>\n\n\n\n<p>El objetivo fue poder identificar las distintas formas de violencias dentro de la instituci\u00f3n y de esa manera ejercer los derechos para desenvolverse en las tareas cotidianas en un clima laboral decente y saludable.<\/p>\n","protected":false},"excerpt":{"rendered":"<p>El Ministerio de Trabajo dict\u00f3 una capacitaci\u00f3n sobre Violencia Laboral y convenio 190 de OIT<\/p>\n","protected":false},"author":1,"featured_media":30200,"comment_status":"open","ping_status":"open","sticky":false,"template":"","format":"standard","meta":{"footnotes":""},"categories":[1,226],"tags":[],"class_list":["post-30198","post","type-post","status-publish","format-standard","has-post-thumbnail","hentry","category-actualidad","category-locales"],"_links":{"self":[{"href":"https:\/\/actualizateiguazu.com\/v3\/wp-json\/wp\/v2\/posts\/30198","targetHints":{"allow":["GET"]}}],"collection":[{"href":"https:\/\/actualizateiguazu.com\/v3\/wp-json\/wp\/v2\/posts"}],"about":[{"href":"https:\/\/actualizateiguazu.com\/v3\/wp-json\/wp\/v2\/types\/post"}],"author":[{"embeddable":true,"href":"https:\/\/actualizateiguazu.com\/v3\/wp-json\/wp\/v2\/users\/1"}],"replies":[{"embeddable":true,"href":"https:\/\/actualizateiguazu.com\/v3\/wp-json\/wp\/v2\/comments?post=30198"}],"version-history":[{"count":1,"href":"https:\/\/actualizateiguazu.com\/v3\/wp-json\/wp\/v2\/posts\/30198\/revisions"}],"predecessor-version":[{"id":30201,"href":"https:\/\/actualizateiguazu.com\/v3\/wp-json\/wp\/v2\/posts\/30198\/revisions\/30201"}],"wp:featuredmedia":[{"embeddable":true,"href":"https:\/\/actualizateiguazu.com\/v3\/wp-json\/wp\/v2\/media\/30200"}],"wp:attachment":[{"href":"https:\/\/actualizateiguazu.com\/v3\/wp-json\/wp\/v2\/media?parent=30198"}],"wp:term":[{"taxonomy":"category","embeddable":true,"href":"https:\/\/actualizateiguazu.com\/v3\/wp-json\/wp\/v2\/categories?post=30198"},{"taxonomy":"post_tag","embeddable":true,"href":"https:\/\/actualizateiguazu.com\/v3\/wp-json\/wp\/v2\/tags?post=30198"}],"curies":[{"name":"wp","href":"https:\/\/api.w.org\/{rel}","templated":true}]}}